{"id":2108,"date":"2009-08-31T01:05:04","date_gmt":"2009-08-31T04:05:04","guid":{"rendered":"https:\/\/ligamercedina.com\/?p=2108"},"modified":"2009-08-31T01:05:04","modified_gmt":"2009-08-31T04:05:04","slug":"imagenes-del-fin-de-semana-3","status":"publish","type":"post","link":"https:\/\/ligamercedina.com\/web\/imagenes-del-fin-de-semana-3\/","title":{"rendered":"IMAGENES DEL FIN DE SEMANA"},"content":{"rendered":"<p><a href=\"https:\/\/ligamercedina.com\/wp-content\/uploads\/2009\/08\/dscn2784.jpg\"><img loading=\"lazy\" decoding=\"async\" src=\"https:\/\/ligamercedina.com\/wp-content\/uploads\/2009\/08\/dscn2784.jpg\" alt=\"\" title=\"dscn2784\" width=\"480\" height=\"360\" class=\"aligncenter size-full wp-image-2126\" srcset=\"https:\/\/ligamercedina.com\/web\/wp-content\/uploads\/2009\/08\/dscn2784.jpg 480w, https:\/\/ligamercedina.com\/web\/wp-content\/uploads\/2009\/08\/dscn2784-300x225.jpg 300w, https:\/\/ligamercedina.com\/web\/wp-content\/uploads\/2009\/08\/dscn2784-400x300.jpg 400w\" sizes=\"auto, (max-width: 480px) 100vw, 480px\" \/><\/a><br \/>\n<strong>Intento de Quilmes en los \u00faltimos minutos. El arquero de V\u00e9lez aleja el peligro<\/strong><\/p>\n<p><a href=\"https:\/\/ligamercedina.com\/wp-content\/uploads\/2009\/08\/dscn2773.jpg\"><img loading=\"lazy\" decoding=\"async\" src=\"https:\/\/ligamercedina.com\/wp-content\/uploads\/2009\/08\/dscn2773.jpg\" alt=\"\" title=\"dscn2773\" width=\"480\" height=\"360\" class=\"aligncenter size-full wp-image-2124\" srcset=\"https:\/\/ligamercedina.com\/web\/wp-content\/uploads\/2009\/08\/dscn2773.jpg 480w, https:\/\/ligamercedina.com\/web\/wp-content\/uploads\/2009\/08\/dscn2773-300x225.jpg 300w, https:\/\/ligamercedina.com\/web\/wp-content\/uploads\/2009\/08\/dscn2773-400x300.jpg 400w\" sizes=\"auto, (max-width: 480px) 100vw, 480px\" \/><\/a><br \/>\n<strong>Pasaje del flojo partido que jugaron Estudiantes y Pabell\u00f3n Argentino<\/strong><\/p>\n<p><a href=\"https:\/\/ligamercedina.com\/wp-content\/uploads\/2009\/08\/dscn2768.jpg\"><img loading=\"lazy\" decoding=\"async\" src=\"https:\/\/ligamercedina.com\/wp-content\/uploads\/2009\/08\/dscn2768.jpg\" alt=\"\" title=\"dscn2768\" width=\"480\" height=\"360\" class=\"aligncenter size-full wp-image-2122\" srcset=\"https:\/\/ligamercedina.com\/web\/wp-content\/uploads\/2009\/08\/dscn2768.jpg 480w, https:\/\/ligamercedina.com\/web\/wp-content\/uploads\/2009\/08\/dscn2768-300x225.jpg 300w, https:\/\/ligamercedina.com\/web\/wp-content\/uploads\/2009\/08\/dscn2768-400x300.jpg 400w\" sizes=\"auto, (max-width: 480px) 100vw, 480px\" \/><\/a><br \/>\n<strong>El Front\u00f3n super\u00f3 a San Marcos y qued\u00f3 a un punto del l\u00edder Comunicaciones<\/strong><\/p>\n<p><a href=\"https:\/\/ligamercedina.com\/wp-content\/uploads\/2009\/08\/dscn2760.jpg\"><img loading=\"lazy\" decoding=\"async\" src=\"https:\/\/ligamercedina.com\/wp-content\/uploads\/2009\/08\/dscn2760.jpg\" alt=\"\" title=\"dscn2760\" width=\"480\" height=\"360\" class=\"aligncenter size-full wp-image-2120\" srcset=\"https:\/\/ligamercedina.com\/web\/wp-content\/uploads\/2009\/08\/dscn2760.jpg 480w, https:\/\/ligamercedina.com\/web\/wp-content\/uploads\/2009\/08\/dscn2760-300x225.jpg 300w, https:\/\/ligamercedina.com\/web\/wp-content\/uploads\/2009\/08\/dscn2760-400x300.jpg 400w\" sizes=\"auto, (max-width: 480px) 100vw, 480px\" \/><\/a><br \/>\n<strong>Mariano Anido esquiva la marca de dos defensores de Comunicaciones.<\/strong><\/p>\n<p><a href=\"https:\/\/ligamercedina.com\/wp-content\/uploads\/2009\/08\/dscn2748.jpg\"><img loading=\"lazy\" decoding=\"async\" src=\"https:\/\/ligamercedina.com\/wp-content\/uploads\/2009\/08\/dscn2748.jpg\" alt=\"\" title=\"dscn2748\" width=\"480\" height=\"360\" class=\"aligncenter size-full wp-image-2117\" srcset=\"https:\/\/ligamercedina.com\/web\/wp-content\/uploads\/2009\/08\/dscn2748.jpg 480w, https:\/\/ligamercedina.com\/web\/wp-content\/uploads\/2009\/08\/dscn2748-300x225.jpg 300w, https:\/\/ligamercedina.com\/web\/wp-content\/uploads\/2009\/08\/dscn2748-400x300.jpg 400w\" sizes=\"auto, (max-width: 480px) 100vw, 480px\" \/><\/a><br \/>\n<strong>Satriano y Quintana disputan en el bal\u00f3n en el partido Ateneo &#8211; Cruzados FC<\/strong><\/p>\n<p><a href=\"https:\/\/ligamercedina.com\/wp-content\/uploads\/2009\/08\/ateneo-99-2009.jpg\"><img loading=\"lazy\" decoding=\"async\" src=\"https:\/\/ligamercedina.com\/wp-content\/uploads\/2009\/08\/ateneo-99-2009.jpg\" alt=\"\" title=\"ateneo-99-2009\" width=\"480\" height=\"360\" class=\"aligncenter size-full wp-image-2115\" srcset=\"https:\/\/ligamercedina.com\/web\/wp-content\/uploads\/2009\/08\/ateneo-99-2009.jpg 480w, https:\/\/ligamercedina.com\/web\/wp-content\/uploads\/2009\/08\/ateneo-99-2009-300x225.jpg 300w, https:\/\/ligamercedina.com\/web\/wp-content\/uploads\/2009\/08\/ateneo-99-2009-400x300.jpg 400w\" sizes=\"auto, (max-width: 480px) 100vw, 480px\" \/><\/a><br \/>\n<strong>Categor\u00eda 99 de Ateneo, campeona del Apertura 2009<\/strong><\/p>\n<p><a href=\"https:\/\/ligamercedina.com\/wp-content\/uploads\/2009\/08\/dscn2755.jpg\"><img loading=\"lazy\" decoding=\"async\" src=\"https:\/\/ligamercedina.com\/wp-content\/uploads\/2009\/08\/dscn2755.jpg\" alt=\"\" title=\"dscn2755\" width=\"480\" height=\"360\" class=\"aligncenter size-full wp-image-2113\" srcset=\"https:\/\/ligamercedina.com\/web\/wp-content\/uploads\/2009\/08\/dscn2755.jpg 480w, https:\/\/ligamercedina.com\/web\/wp-content\/uploads\/2009\/08\/dscn2755-300x225.jpg 300w, https:\/\/ligamercedina.com\/web\/wp-content\/uploads\/2009\/08\/dscn2755-400x300.jpg 400w\" sizes=\"auto, (max-width: 480px) 100vw, 480px\" \/><\/a><br \/>\n<strong>Categor\u00eda 98 de Estudiantes campeona del Apertura 2009<\/strong><\/p>\n<p><a href=\"https:\/\/ligamercedina.com\/wp-content\/uploads\/2009\/08\/dscn2738.jpg\"><img loading=\"lazy\" decoding=\"async\" src=\"https:\/\/ligamercedina.com\/wp-content\/uploads\/2009\/08\/dscn2738.jpg\" alt=\"\" title=\"dscn2738\" width=\"480\" height=\"360\" class=\"aligncenter size-full wp-image-2111\" srcset=\"https:\/\/ligamercedina.com\/web\/wp-content\/uploads\/2009\/08\/dscn2738.jpg 480w, https:\/\/ligamercedina.com\/web\/wp-content\/uploads\/2009\/08\/dscn2738-300x225.jpg 300w, https:\/\/ligamercedina.com\/web\/wp-content\/uploads\/2009\/08\/dscn2738-400x300.jpg 400w\" sizes=\"auto, (max-width: 480px) 100vw, 480px\" \/><\/a><br \/>\n<strong>Categor\u00eda 96 de Quilmes, campeona del Apertura 2009<\/strong><\/p>\n<p><a href=\"https:\/\/ligamercedina.com\/wp-content\/uploads\/2009\/08\/velez-94.jpg\"><img loading=\"lazy\" decoding=\"async\" src=\"https:\/\/ligamercedina.com\/wp-content\/uploads\/2009\/08\/velez-94.jpg\" alt=\"\" title=\"velez-94\" width=\"480\" height=\"360\" class=\"aligncenter size-full wp-image-2109\" srcset=\"https:\/\/ligamercedina.com\/web\/wp-content\/uploads\/2009\/08\/velez-94.jpg 480w, https:\/\/ligamercedina.com\/web\/wp-content\/uploads\/2009\/08\/velez-94-300x225.jpg 300w, https:\/\/ligamercedina.com\/web\/wp-content\/uploads\/2009\/08\/velez-94-400x300.jpg 400w\" sizes=\"auto, (max-width: 480px) 100vw, 480px\" \/><\/a><br \/>\n<strong>Categor\u00eda 94 de V\u00e9lez Sarsfield Campe\u00f3n del Apertura 2009<\/strong><\/p>\n","protected":false},"excerpt":{"rendered":"<p>Intento de Quilmes en los \u00faltimos minutos. El arquero de V\u00e9lez aleja el peligro Pasaje del flojo partido que jugaron Estudiantes y Pabell\u00f3n Argentino El Front\u00f3n super\u00f3 a San Marcos y qued\u00f3 a un punto del l\u00edder Comunicaciones Mariano Anido esquiva la marca de dos defensores de Comunicaciones. Satriano y Quintana disputan en el bal\u00f3n en el partido Ateneo &#8211;<\/p>\n","protected":false},"author":1,"featured_media":0,"comment_status":"open","ping_status":"open","sticky":false,"template":"","format":"standard","meta":{"footnotes":""},"categories":[4],"tags":[],"class_list":["post-2108","post","type-post","status-publish","format-standard","hentry","category-informaciongeneral"],"_links":{"self":[{"href":"https:\/\/ligamercedina.com\/web\/wp-json\/wp\/v2\/posts\/2108","targetHints":{"allow":["GET"]}}],"collection":[{"href":"https:\/\/ligamercedina.com\/web\/wp-json\/wp\/v2\/posts"}],"about":[{"href":"https:\/\/ligamercedina.com\/web\/wp-json\/wp\/v2\/types\/post"}],"author":[{"embeddable":true,"href":"https:\/\/ligamercedina.com\/web\/wp-json\/wp\/v2\/users\/1"}],"replies":[{"embeddable":true,"href":"https:\/\/ligamercedina.com\/web\/wp-json\/wp\/v2\/comments?post=2108"}],"version-history":[{"count":11,"href":"https:\/\/ligamercedina.com\/web\/wp-json\/wp\/v2\/posts\/2108\/revisions"}],"predecessor-version":[{"id":2127,"href":"https:\/\/ligamercedina.com\/web\/wp-json\/wp\/v2\/posts\/2108\/revisions\/2127"}],"wp:attachment":[{"href":"https:\/\/ligamercedina.com\/web\/wp-json\/wp\/v2\/media?parent=2108"}],"wp:term":[{"taxonomy":"category","embeddable":true,"href":"https:\/\/ligamercedina.com\/web\/wp-json\/wp\/v2\/categories?post=2108"},{"taxonomy":"post_tag","embeddable":true,"href":"https:\/\/ligamercedina.com\/web\/wp-json\/wp\/v2\/tags?post=2108"}],"curies":[{"name":"wp","href":"https:\/\/api.w.org\/{rel}","templated":true}]}}