{"id":2077,"date":"2009-08-29T09:32:38","date_gmt":"2009-08-29T12:32:38","guid":{"rendered":"https:\/\/ligamercedina.com\/?p=2077"},"modified":"2009-08-29T09:32:38","modified_gmt":"2009-08-29T12:32:38","slug":"resultados-del-futbol-infantil-11","status":"publish","type":"post","link":"https:\/\/ligamercedina.com\/web\/resultados-del-futbol-infantil-11\/","title":{"rendered":"RESULTADOS DEL FUTBOL INFANTIL"},"content":{"rendered":"<p><strong>MERCEDES VS. COMUNICACIONES<\/strong><br \/>\nCategor\u00eda 2000: <strong>1<\/strong> (Juan Sparks) &#8211; <strong>1<\/strong> (Franco Mezza)<br \/>\nCategor\u00eda 99: <strong>2<\/strong> (Juan Cabrera y Agust\u00edn Virano) &#8211; <strong>2<\/strong> (Alex Almeyra y Enzo Celaye)<br \/>\nCategor\u00eda 98: <strong>1<\/strong> (Juan Arias) &#8211; <strong>0<\/strong><br \/>\nCategor\u00eda 97: <strong>3<\/strong> (Luis D\u00edaz, Agust\u00edn Frustoli y Gabriel Rodr\u00edguez) &#8211; <strong>0<\/strong><br \/>\nCategor\u00eda 96: <strong>2<\/strong> (Rodrigo Torres 2) &#8211; <strong>2<\/strong> (Gabriel Maldonado 2)<br \/>\nCategor\u00eda 95: <strong>7<\/strong> (Ignacio J\u00e1uregui 2, Leonel Pauli 3 y Lucas Puliti 2) &#8211; <strong>1<\/strong> (Mart\u00edn Torres)<br \/>\nCategor\u00eda 94: <strong>5<\/strong> (Nicol\u00e1s Bertaina 2, Juan Gatti 2 y Franco Ledesma) &#8211; <strong>0<\/strong><br \/>\nCategor\u00eda 92-93: <strong>5<\/strong> (Agust\u00edn Malano 3, Iv\u00e1n Alvarado y Mat\u00edas Meriles) &#8211; <strong>1<\/strong> (Mariano Brehinier)<\/p>\n<p><strong>QUILMES VS. ESTUDIANTES<\/strong><br \/>\nCategor\u00eda 2000: <strong>1<\/strong> (Mat\u00edas L\u00f3pez) &#8211; <strong>1<\/strong> (Facundo Hoare)<br \/>\nCategor\u00eda 99: <strong>4<\/strong> (Joaqu\u00edn Dabove, Mart\u00edn Zunino, Nahuel Su\u00e1rez y Juli\u00e1n G\u00f3mez) &#8211; <strong>1<\/strong> (Ger\u00f3nimo Miratta)<br \/>\nCategor\u00eda 98: <strong>0 &#8211; 1<\/strong> (Lucas Trapici)<br \/>\nCategor\u00eda 97: <strong>3<\/strong> (Franco Amaya, Sebasti\u00e1n Biaggini y Cristian Far\u00edas) &#8211; <strong>0<\/strong><br \/>\nCategor\u00eda 96: <strong>4<\/strong> (Lucas Mollo 3 y Facundo Orellano) &#8211; <strong>0<\/strong><br \/>\nCategor\u00eda 95: <strong>0 &#8211; 3<\/strong> (Lucas Blanco 2 y Carlos Dubertti)<br \/>\nCategor\u00eda 94: <strong>3<\/strong> (Ricardo Anselmo, Mat\u00edas Giardelli y V\u00edctor Rivera) &#8211; <strong>1<\/strong><br \/>\nCategor\u00eda 92-93: <strong>1<\/strong> (Agust\u00edn Cestari) &#8211; <strong>6<\/strong> (Nicol\u00e1s Ledesma 2, Agust\u00edn Luna, Braian Seluro y Juan Uviz 2)<\/p>\n<p><strong>JUVENTUD VS. ATENEO<\/strong><br \/>\nCategor\u00eda 2000: <strong>2<\/strong> (Tom\u00e1s Chirino y Eli\u00e1n Larregina) &#8211; <strong>0<\/strong><br \/>\nCategor\u00eda 99: <strong>0 &#8211; 3<\/strong> (Jer\u00f3nimo Puricelli y Enzo Spoturno 2)<br \/>\nCategor\u00eda 98: <strong>0 &#8211; 0<\/strong><br \/>\nCategor\u00eda 97: <strong>0 &#8211; 0<\/strong><br \/>\nCategor\u00eda 96: <strong>6<\/strong> (Maximo Ottonelli 2, Lucio D\u00edaz, Rodrigo Fanuchi, Joaqu\u00edn Gallardo y Nahuel Guti\u00e9rrez) &#8211; <strong>0<\/strong><br \/>\nCategor\u00eda 95: <strong>4<\/strong> (Santiago Giorello, Luis Novoa y Juli\u00e1n Regojo 2) &#8211; <strong>0<\/strong><br \/>\nCategor\u00eda 94: <strong>5<\/strong> (Vicente Bernal 4 y Alfonso Salaverry) &#8211; <strong>0<\/strong><br \/>\nCategor\u00eda 92-93: <strong>6<\/strong> (Marcos Gallardo, Sim\u00f3n Lawler, Mart\u00edn Potes 2, Franco Rold\u00e1n y Rodrigo Cabrera) &#8211; <strong>1<\/strong> (Gonzalo Atampi)<\/p>\n<p><strong>VELEZ VS. MERCEDES \u00abA\u00bb<\/strong><br \/>\nCategor\u00eda 2000: <strong>0 &#8211; 0<\/strong><br \/>\nCategor\u00eda 99: <strong>0 &#8211; 1<\/strong> (Franco Dufourquet)<br \/>\nCategor\u00eda 98: <strong>4<\/strong> (Tom\u00e1s Bord\u00f3n 2, Enzo Jurado y Nahuel Su\u00e1rez) &#8211; <strong>0<\/strong><br \/>\nCategor\u00eda 97: <strong>5<\/strong> (Franco Irusta 2, Ramiro Roa y Axel Rocha 2) &#8211; <strong>0<\/strong><br \/>\nCategor\u00eda 96: <strong>3<\/strong> (Rodrigo Colicigno, Mat\u00edas Sanabria y Nicol\u00e1s Ram\u00edrez) &#8211; <strong>0<\/strong><br \/>\nCategor\u00eda 95: <strong>1<\/strong> (Luis Centeno) &#8211; <strong>0<\/strong><br \/>\nCategor\u00eda 94: <strong>8<\/strong> (Lucas Coletta 2, Franco L\u00f3pez, Franco Mainieri, Adri\u00e1n Natale, Maximiliano Porticella y Ramiro V\u00e1zquez 2) &#8211; <strong>0<\/strong><br \/>\nCategor\u00eda 92-93: <strong>1<\/strong> (Lucas Atampi) &#8211; <strong>0<\/strong><\/p>\n<p><strong>UNION VS. EL FRONTON<\/strong><br \/>\nCategor\u00eda 2000: <strong>0 &#8211; 0<\/strong><br \/>\nCategor\u00eda 99: <strong>0 &#8211; 1<\/strong> (Juan Botana)<br \/>\nCategor\u00eda 98: <strong>1<\/strong> (Valente Zunino) &#8211; <strong>1<\/strong> (Alfonso Yacoy)<br \/>\nCategor\u00eda 97: <strong>0 &#8211; 5<\/strong> (Enzo Bonetti 2 y Mat\u00edas Casas 3)<\/p>\n","protected":false},"excerpt":{"rendered":"<p>MERCEDES VS. COMUNICACIONES Categor\u00eda 2000: 1 (Juan Sparks) &#8211; 1 (Franco Mezza) Categor\u00eda 99: 2 (Juan Cabrera y Agust\u00edn Virano) &#8211; 2 (Alex Almeyra y Enzo Celaye) Categor\u00eda 98: 1 (Juan Arias) &#8211; 0 Categor\u00eda 97: 3 (Luis D\u00edaz, Agust\u00edn Frustoli y Gabriel Rodr\u00edguez) &#8211; 0 Categor\u00eda 96: 2 (Rodrigo Torres 2) &#8211; 2 (Gabriel Maldonado 2) Categor\u00eda 95: 7<\/p>\n","protected":false},"author":1,"featured_media":0,"comment_status":"open","ping_status":"open","sticky":false,"template":"","format":"standard","meta":{"footnotes":""},"categories":[4],"tags":[],"class_list":["post-2077","post","type-post","status-publish","format-standard","hentry","category-informaciongeneral"],"_links":{"self":[{"href":"https:\/\/ligamercedina.com\/web\/wp-json\/wp\/v2\/posts\/2077","targetHints":{"allow":["GET"]}}],"collection":[{"href":"https:\/\/ligamercedina.com\/web\/wp-json\/wp\/v2\/posts"}],"about":[{"href":"https:\/\/ligamercedina.com\/web\/wp-json\/wp\/v2\/types\/post"}],"author":[{"embeddable":true,"href":"https:\/\/ligamercedina.com\/web\/wp-json\/wp\/v2\/users\/1"}],"replies":[{"embeddable":true,"href":"https:\/\/ligamercedina.com\/web\/wp-json\/wp\/v2\/comments?post=2077"}],"version-history":[{"count":14,"href":"https:\/\/ligamercedina.com\/web\/wp-json\/wp\/v2\/posts\/2077\/revisions"}],"predecessor-version":[{"id":2080,"href":"https:\/\/ligamercedina.com\/web\/wp-json\/wp\/v2\/posts\/2077\/revisions\/2080"}],"wp:attachment":[{"href":"https:\/\/ligamercedina.com\/web\/wp-json\/wp\/v2\/media?parent=2077"}],"wp:term":[{"taxonomy":"category","embeddable":true,"href":"https:\/\/ligamercedina.com\/web\/wp-json\/wp\/v2\/categories?post=2077"},{"taxonomy":"post_tag","embeddable":true,"href":"https:\/\/ligamercedina.com\/web\/wp-json\/wp\/v2\/tags?post=2077"}],"curies":[{"name":"wp","href":"https:\/\/api.w.org\/{rel}","templated":true}]}}