{"id":207,"date":"2007-08-29T09:58:36","date_gmt":"2007-08-29T12:58:36","guid":{"rendered":"https:\/\/ligamercedina.com\/?p=207"},"modified":"2007-08-29T09:58:36","modified_gmt":"2007-08-29T12:58:36","slug":"horarios-de-primera-y-tercera-division","status":"publish","type":"post","link":"https:\/\/ligamercedina.com\/web\/horarios-de-primera-y-tercera-division\/","title":{"rendered":"HORARIOS DE PRIMERA Y TERCERA DIVISION"},"content":{"rendered":"<p>El fin de semana se reinicia la actividad en los torneos de Primera y Tercera Divisi\u00f3n. Anoche quedaron confirmados los horarios de los partidos, aunque a\u00fan no est\u00e1 confirmado el partido entre Juventud y Velez por Tercera, el cual quedar\u00e1 definido en las pr\u00f3xima horas<\/p>\n<p><a href=\"https:\/\/ligamercedina.com\/?page_id=206\">FALLOS DEL TRIBUNAL<\/a><\/p>\n<p><strong>TERCERA DIVISION<\/strong><\/p>\n<p>S\u00e1bado: cancha de Ateneo<!--more--><br \/>\n14 hs. Quilmes Vs. Mercedes<br \/>\n16 hs. Ateneo Vs. Estudiantes<\/p>\n<p>Cancha: Juventud de Suipacha<br \/>\n15 hs.  Juventud Vs. V\u00e9lez<\/p>\n<p><strong>PRIMERA DIVISION<\/strong><\/p>\n<p>SABADO (A puertas cerradas)<br \/>\n14 hs. San Jos\u00e9 Vs. San Marcos<br \/>\n16 hs. Pabell\u00f3n Argentino Vs. Quilmes<\/p>\n<p>DOMINGO<br \/>\n11:15 hs. Ateneo Vs. V\u00e9lez<br \/>\n13:15 hs. Uni\u00f3n M. Paz Vs. Estudiantes<br \/>\n15:15 hs. Club Mercedes Vs. Juventud de Suipacha<\/p>\n","protected":false},"excerpt":{"rendered":"<p>El fin de semana se reinicia la actividad en los torneos de Primera y Tercera Divisi\u00f3n. Anoche quedaron confirmados los horarios de los partidos, aunque a\u00fan no est\u00e1 confirmado el partido entre Juventud y Velez por Tercera, el cual quedar\u00e1 definido en las pr\u00f3xima horas FALLOS DEL TRIBUNAL TERCERA DIVISION S\u00e1bado: cancha de Ateneo<\/p>\n","protected":false},"author":1,"featured_media":0,"comment_status":"open","ping_status":"open","sticky":false,"template":"","format":"standard","meta":{"footnotes":""},"categories":[4],"tags":[],"class_list":["post-207","post","type-post","status-publish","format-standard","hentry","category-informaciongeneral"],"_links":{"self":[{"href":"https:\/\/ligamercedina.com\/web\/wp-json\/wp\/v2\/posts\/207","targetHints":{"allow":["GET"]}}],"collection":[{"href":"https:\/\/ligamercedina.com\/web\/wp-json\/wp\/v2\/posts"}],"about":[{"href":"https:\/\/ligamercedina.com\/web\/wp-json\/wp\/v2\/types\/post"}],"author":[{"embeddable":true,"href":"https:\/\/ligamercedina.com\/web\/wp-json\/wp\/v2\/users\/1"}],"replies":[{"embeddable":true,"href":"https:\/\/ligamercedina.com\/web\/wp-json\/wp\/v2\/comments?post=207"}],"version-history":[{"count":0,"href":"https:\/\/ligamercedina.com\/web\/wp-json\/wp\/v2\/posts\/207\/revisions"}],"wp:attachment":[{"href":"https:\/\/ligamercedina.com\/web\/wp-json\/wp\/v2\/media?parent=207"}],"wp:term":[{"taxonomy":"category","embeddable":true,"href":"https:\/\/ligamercedina.com\/web\/wp-json\/wp\/v2\/categories?post=207"},{"taxonomy":"post_tag","embeddable":true,"href":"https:\/\/ligamercedina.com\/web\/wp-json\/wp\/v2\/tags?post=207"}],"curies":[{"name":"wp","href":"https:\/\/api.w.org\/{rel}","templated":true}]}}