{"id":2061,"date":"2009-08-26T08:25:20","date_gmt":"2009-08-26T11:25:20","guid":{"rendered":"https:\/\/ligamercedina.com\/?p=2061"},"modified":"2009-08-26T08:25:20","modified_gmt":"2009-08-26T11:25:20","slug":"horarios-del-fin-de-semana","status":"publish","type":"post","link":"https:\/\/ligamercedina.com\/web\/horarios-del-fin-de-semana\/","title":{"rendered":"MODIFICACIONES PARA LOS HORARIOS DEL FIN DE SEMANA"},"content":{"rendered":"<blockquote>\n<ul>\n<strong>PRIMERA DIVISION<\/strong><\/ul>\n<\/blockquote>\n<p><em><strong>S\u00e1bado 29 de agosto<\/strong><\/em><br \/>\n13.30 hs. ATENEO Vs. CRUZADOS F.C.<br \/>\n15.30 hs. COMUNICACIONES Vs. LOS PALOMETAS<\/p>\n<p><em><strong>Domingo 30 de agosto: Liga<\/strong><\/em><br \/>\n11.00 hs. SAN MARCOS Vs. EL FRONTON<br \/>\n13.00 hs. PABELLON ARGENTINO Vs. ESTUDIANTES<br \/>\n15.00 hs. VELEZ SARSFIELD Vs. QUILMES<\/p>\n<p><em><strong>Cancha Juventud<\/strong><\/em><br \/>\n15:30 hs. Juventud Vs. Club Mercedes<\/p>\n<blockquote>\n<ul>\n<strong>RESERVA<\/strong><\/ul>\n<\/blockquote>\n<p><em><strong>S\u00e1bado: Cancha Juventud<\/strong><\/em><br \/>\n16:30 Juventud Vs. Mercedes<\/p>\n<p><em><strong>Cancha Ateneo<\/strong><\/em><br \/>\n12 hs. Quilmes Vs. El Front\u00f3n<br \/>\n14 hs. Estudiantes Vs. Pabell\u00f3n Argentino<br \/>\n16 hs. Ateneo Vs. V\u00e9lez<\/p>\n<blockquote>\n<ul>\n<strong>FUTBOL INFANTIL<\/strong><\/ul>\n<\/blockquote>\n<p><em><strong>Cancha de nueve:<\/strong><\/em> Mercedes Vs. Comunicaciones, Quilmes Vs. Estudiantes, Uni\u00f3n Vs. El Front\u00f3n, Juventud Vs. Ateneo y V\u00e9lez Vs. Mercedes \u00abA\u00bb.<br \/>\n14.00 hs. Categor\u00eda 2001<br \/>\n15.00 hs. Categor\u00eda 2000<br \/>\n16.00 hs. Categor\u00eda 1999<br \/>\n17.00 hs. Categor\u00eda 1998<\/p>\n<p><em><strong>Cancha de once<\/strong><\/em><br \/>\nMercedes Vs. Comunicaciones, Quilmes Vs. Estudiantes y V\u00e9lez Vs. Mercedes \u00abA\u00bb.<br \/>\n11.30 hs. Categor\u00eda 97<br \/>\n12.30 hs. Categor\u00eda 96<br \/>\n13.45 hs. Categor\u00eda 92\/93<br \/>\n15.00 hs. Categor\u00eda 95<br \/>\n16.15 hs. Categor\u00eda 94<\/p>\n<p>Juventud de Suipacha Vs. Ateneo<br \/>\n11.00 hs. Categor\u00eda 97<br \/>\n12.00 hs. Categor\u00eda 96<br \/>\n13.15 hs. Categor\u00eda 92\/93<br \/>\n14.30 hs. Categor\u00eda 95<br \/>\n15.45 hs. Categor\u00eda 94<\/p>\n<p><strong>* Partido Categor\u00eda 97 Uni\u00f3n Vs. El Front\u00f3n se juega a las 12 hs. en cancha de la Liga<\/strong><\/p>\n","protected":false},"excerpt":{"rendered":"<p>PRIMERA DIVISION S\u00e1bado 29 de agosto 13.30 hs. ATENEO Vs. CRUZADOS F.C. 15.30 hs. COMUNICACIONES Vs. LOS PALOMETAS Domingo 30 de agosto: Liga 11.00 hs. SAN MARCOS Vs. EL FRONTON 13.00 hs. PABELLON ARGENTINO Vs. ESTUDIANTES 15.00 hs. VELEZ SARSFIELD Vs. QUILMES Cancha Juventud 15:30 hs. Juventud Vs. Club Mercedes RESERVA S\u00e1bado: Cancha Juventud 16:30 Juventud Vs. Mercedes Cancha Ateneo<\/p>\n","protected":false},"author":1,"featured_media":0,"comment_status":"open","ping_status":"open","sticky":false,"template":"","format":"standard","meta":{"footnotes":""},"categories":[4],"tags":[],"class_list":["post-2061","post","type-post","status-publish","format-standard","hentry","category-informaciongeneral"],"_links":{"self":[{"href":"https:\/\/ligamercedina.com\/web\/wp-json\/wp\/v2\/posts\/2061","targetHints":{"allow":["GET"]}}],"collection":[{"href":"https:\/\/ligamercedina.com\/web\/wp-json\/wp\/v2\/posts"}],"about":[{"href":"https:\/\/ligamercedina.com\/web\/wp-json\/wp\/v2\/types\/post"}],"author":[{"embeddable":true,"href":"https:\/\/ligamercedina.com\/web\/wp-json\/wp\/v2\/users\/1"}],"replies":[{"embeddable":true,"href":"https:\/\/ligamercedina.com\/web\/wp-json\/wp\/v2\/comments?post=2061"}],"version-history":[{"count":3,"href":"https:\/\/ligamercedina.com\/web\/wp-json\/wp\/v2\/posts\/2061\/revisions"}],"predecessor-version":[{"id":2064,"href":"https:\/\/ligamercedina.com\/web\/wp-json\/wp\/v2\/posts\/2061\/revisions\/2064"}],"wp:attachment":[{"href":"https:\/\/ligamercedina.com\/web\/wp-json\/wp\/v2\/media?parent=2061"}],"wp:term":[{"taxonomy":"category","embeddable":true,"href":"https:\/\/ligamercedina.com\/web\/wp-json\/wp\/v2\/categories?post=2061"},{"taxonomy":"post_tag","embeddable":true,"href":"https:\/\/ligamercedina.com\/web\/wp-json\/wp\/v2\/tags?post=2061"}],"curies":[{"name":"wp","href":"https:\/\/api.w.org\/{rel}","templated":true}]}}