{"id":20592,"date":"2017-12-16T11:50:21","date_gmt":"2017-12-16T14:50:21","guid":{"rendered":"https:\/\/ligamercedina.com\/web\/?p=20592"},"modified":"2017-12-16T11:50:32","modified_gmt":"2017-12-16T14:50:32","slug":"asamblea-convocatoria","status":"publish","type":"post","link":"https:\/\/ligamercedina.com\/web\/asamblea-convocatoria\/","title":{"rendered":"ASAMBLEA: CONVOCATORIA"},"content":{"rendered":"<blockquote><p><strong>CONVOCATORIA A ASAMBLEA ORDINARIA<\/strong><\/p><\/blockquote>\n<p>Se convoca a Asamblea Ordinaria para el d\u00eda 27 de diciembre de 2017, a las 20.00 horas, en la Secretaria de la Liga Mercedina de F\u00fatbol, a los efectos de tratar el siguiente,<\/p>\n<p><strong>ORDEN DEL DIA<\/strong><br \/>\n1) Lectura y consideraci\u00f3n del Acta de la Asamblea Ordinaria anterior.<br \/>\n2) Consideraci\u00f3n de la Memoria y Balance del Ejercicio fenecido<br \/>\n3) Elecci\u00f3n de Presidente de la Liga Mercedina de F\u00fatbol por el t\u00e9rmino de dos (2) a\u00f1os por terminaci\u00f3n de mandato. (Periodo 2018-2019).<br \/>\n4) Elecci\u00f3n de Presidente del Honorable Tribunal de Penas de la Liga Mercedina de F\u00fatbol por terminaci\u00f3n de mandato.(Periodo 2018-2019).<br \/>\n5) Designaci\u00f3n de dos (2) Revisores de Cuenta Titulares por el t\u00e9rmino de dos (2) a\u00f1os.<br \/>\n6) Designaci\u00f3n de dos (2) Asamble\u00edstas para refrendar el Acta.<br \/>\n7) Clausura.-<\/p>\n<p>Daniel Figueredo (Secretario) \u2013 Esteban Marcelo (Presidente)<\/p>\n<p>DE LOS ESTATUTOS: Las Asambleas se realizar\u00e1n de acuerdo a lo establecido en los Art. 45\u00b0 y 46\u00b0 respectivamente del Estatuto en vigencia.-<\/p>\n","protected":false},"excerpt":{"rendered":"<p>CONVOCATORIA A ASAMBLEA ORDINARIA Se convoca a Asamblea Ordinaria para el d\u00eda 27 de diciembre de 2017, a las 20.00 horas, en la Secretaria de la Liga Mercedina de F\u00fatbol, a los efectos de tratar el siguiente, ORDEN DEL DIA 1) Lectura y consideraci\u00f3n del Acta de la Asamblea Ordinaria anterior. 2) Consideraci\u00f3n de la Memoria y Balance del Ejercicio<\/p>\n","protected":false},"author":2,"featured_media":0,"comment_status":"open","ping_status":"open","sticky":false,"template":"","format":"standard","meta":{"footnotes":""},"categories":[4],"tags":[],"class_list":["post-20592","post","type-post","status-publish","format-standard","hentry","category-informaciongeneral"],"_links":{"self":[{"href":"https:\/\/ligamercedina.com\/web\/wp-json\/wp\/v2\/posts\/20592","targetHints":{"allow":["GET"]}}],"collection":[{"href":"https:\/\/ligamercedina.com\/web\/wp-json\/wp\/v2\/posts"}],"about":[{"href":"https:\/\/ligamercedina.com\/web\/wp-json\/wp\/v2\/types\/post"}],"author":[{"embeddable":true,"href":"https:\/\/ligamercedina.com\/web\/wp-json\/wp\/v2\/users\/2"}],"replies":[{"embeddable":true,"href":"https:\/\/ligamercedina.com\/web\/wp-json\/wp\/v2\/comments?post=20592"}],"version-history":[{"count":2,"href":"https:\/\/ligamercedina.com\/web\/wp-json\/wp\/v2\/posts\/20592\/revisions"}],"predecessor-version":[{"id":20594,"href":"https:\/\/ligamercedina.com\/web\/wp-json\/wp\/v2\/posts\/20592\/revisions\/20594"}],"wp:attachment":[{"href":"https:\/\/ligamercedina.com\/web\/wp-json\/wp\/v2\/media?parent=20592"}],"wp:term":[{"taxonomy":"category","embeddable":true,"href":"https:\/\/ligamercedina.com\/web\/wp-json\/wp\/v2\/categories?post=20592"},{"taxonomy":"post_tag","embeddable":true,"href":"https:\/\/ligamercedina.com\/web\/wp-json\/wp\/v2\/tags?post=20592"}],"curies":[{"name":"wp","href":"https:\/\/api.w.org\/{rel}","templated":true}]}}