{"id":20485,"date":"2017-11-29T23:50:16","date_gmt":"2017-11-30T02:50:16","guid":{"rendered":"https:\/\/ligamercedina.com\/web\/?p=20485"},"modified":"2017-11-29T23:54:48","modified_gmt":"2017-11-30T02:54:48","slug":"20485-2","status":"publish","type":"post","link":"https:\/\/ligamercedina.com\/web\/20485-2\/","title":{"rendered":""},"content":{"rendered":"<blockquote><p><strong>PRIMERA DIVISION<\/strong><\/p><\/blockquote>\n<p><em><strong>S\u00e1bado 2 de diciembre, cancha Estudiantes<\/strong><\/em><br \/>\n17:00 hs. Estudiantes Vs. Mercedes<br \/>\n18:00 hs. El Front\u00f3n Vs. Alfa<br \/>\n19:00 hs. -SUB 13- Alfa VS. Uni\u00f3n<br \/>\n20:00 hs. -SUB 15- Alfa VS. Uni\u00f3n<\/p>\n<blockquote><p><strong>INFERIORES<\/strong><\/p><\/blockquote>\n<p><em><strong>Domingo 3 de diciembre, cancha Estudiantes<\/strong><\/em><br \/>\n16:00 hs. -SUB 13- V\u00e9lez VS. Defensores<br \/>\n17:00 hs. -SUB 13- Estudiantes VS. Comunicaciones<br \/>\n18:00 hs. -SUB 15- V\u00e9lez VS. Defensores<\/p>\n","protected":false},"excerpt":{"rendered":"<p>PRIMERA DIVISION S\u00e1bado 2 de diciembre, cancha Estudiantes 17:00 hs. Estudiantes Vs. Mercedes 18:00 hs. El Front\u00f3n Vs. Alfa 19:00 hs. -SUB 13- Alfa VS. Uni\u00f3n 20:00 hs. -SUB 15- Alfa VS. Uni\u00f3n INFERIORES Domingo 3 de diciembre, cancha Estudiantes 16:00 hs. -SUB 13- V\u00e9lez VS. Defensores 17:00 hs. -SUB 13- Estudiantes VS. Comunicaciones 18:00 hs. -SUB 15- V\u00e9lez VS.<\/p>\n","protected":false},"author":2,"featured_media":0,"comment_status":"open","ping_status":"open","sticky":false,"template":"","format":"standard","meta":{"footnotes":""},"categories":[4],"tags":[],"class_list":["post-20485","post","type-post","status-publish","format-standard","hentry","category-informaciongeneral"],"_links":{"self":[{"href":"https:\/\/ligamercedina.com\/web\/wp-json\/wp\/v2\/posts\/20485","targetHints":{"allow":["GET"]}}],"collection":[{"href":"https:\/\/ligamercedina.com\/web\/wp-json\/wp\/v2\/posts"}],"about":[{"href":"https:\/\/ligamercedina.com\/web\/wp-json\/wp\/v2\/types\/post"}],"author":[{"embeddable":true,"href":"https:\/\/ligamercedina.com\/web\/wp-json\/wp\/v2\/users\/2"}],"replies":[{"embeddable":true,"href":"https:\/\/ligamercedina.com\/web\/wp-json\/wp\/v2\/comments?post=20485"}],"version-history":[{"count":3,"href":"https:\/\/ligamercedina.com\/web\/wp-json\/wp\/v2\/posts\/20485\/revisions"}],"predecessor-version":[{"id":20488,"href":"https:\/\/ligamercedina.com\/web\/wp-json\/wp\/v2\/posts\/20485\/revisions\/20488"}],"wp:attachment":[{"href":"https:\/\/ligamercedina.com\/web\/wp-json\/wp\/v2\/media?parent=20485"}],"wp:term":[{"taxonomy":"category","embeddable":true,"href":"https:\/\/ligamercedina.com\/web\/wp-json\/wp\/v2\/categories?post=20485"},{"taxonomy":"post_tag","embeddable":true,"href":"https:\/\/ligamercedina.com\/web\/wp-json\/wp\/v2\/tags?post=20485"}],"curies":[{"name":"wp","href":"https:\/\/api.w.org\/{rel}","templated":true}]}}