{"id":20476,"date":"2017-11-27T20:20:47","date_gmt":"2017-11-27T23:20:47","guid":{"rendered":"https:\/\/ligamercedina.com\/web\/?p=20476"},"modified":"2017-11-27T20:20:47","modified_gmt":"2017-11-27T23:20:47","slug":"suspensiones-3","status":"publish","type":"post","link":"https:\/\/ligamercedina.com\/web\/suspensiones-3\/","title":{"rendered":"SUSPENSIONES"},"content":{"rendered":"<p>Se informa que de los partidos correspondientes al Reducido de Primera Divisi\u00f3n jugaron ayer domingo, y de los jugados por Reserva entre s\u00e1bado y domingo, surge que se encuentran suspendidos de manera provisoria los siguientes jugadores:<\/p>\n<p>Fern\u00e1ndez, Marcelo (Trocha)<br \/>\nDi Mateo, Rodrigo (Trocha)<br \/>\nRegueiro, Gabino (Mercedes)<br \/>\nContardi, Nicol\u00e1s (Mercedes)<br \/>\nBarrientos, Cristian<br \/>\nMu\u00f1oz, Iv\u00e1n (Trocha)<br \/>\nPaj\u00f3n, Santiago (AMEFIP) <\/p>\n","protected":false},"excerpt":{"rendered":"<p>Se informa que de los partidos correspondientes al Reducido de Primera Divisi\u00f3n jugaron ayer domingo, y de los jugados por Reserva entre s\u00e1bado y domingo, surge que se encuentran suspendidos de manera provisoria los siguientes jugadores: Fern\u00e1ndez, Marcelo (Trocha) Di Mateo, Rodrigo (Trocha) Regueiro, Gabino (Mercedes) Contardi, Nicol\u00e1s (Mercedes) Barrientos, Cristian Mu\u00f1oz, Iv\u00e1n (Trocha) Paj\u00f3n, Santiago (AMEFIP)<\/p>\n","protected":false},"author":2,"featured_media":0,"comment_status":"open","ping_status":"open","sticky":false,"template":"","format":"standard","meta":{"footnotes":""},"categories":[4],"tags":[],"class_list":["post-20476","post","type-post","status-publish","format-standard","hentry","category-informaciongeneral"],"_links":{"self":[{"href":"https:\/\/ligamercedina.com\/web\/wp-json\/wp\/v2\/posts\/20476","targetHints":{"allow":["GET"]}}],"collection":[{"href":"https:\/\/ligamercedina.com\/web\/wp-json\/wp\/v2\/posts"}],"about":[{"href":"https:\/\/ligamercedina.com\/web\/wp-json\/wp\/v2\/types\/post"}],"author":[{"embeddable":true,"href":"https:\/\/ligamercedina.com\/web\/wp-json\/wp\/v2\/users\/2"}],"replies":[{"embeddable":true,"href":"https:\/\/ligamercedina.com\/web\/wp-json\/wp\/v2\/comments?post=20476"}],"version-history":[{"count":1,"href":"https:\/\/ligamercedina.com\/web\/wp-json\/wp\/v2\/posts\/20476\/revisions"}],"predecessor-version":[{"id":20477,"href":"https:\/\/ligamercedina.com\/web\/wp-json\/wp\/v2\/posts\/20476\/revisions\/20477"}],"wp:attachment":[{"href":"https:\/\/ligamercedina.com\/web\/wp-json\/wp\/v2\/media?parent=20476"}],"wp:term":[{"taxonomy":"category","embeddable":true,"href":"https:\/\/ligamercedina.com\/web\/wp-json\/wp\/v2\/categories?post=20476"},{"taxonomy":"post_tag","embeddable":true,"href":"https:\/\/ligamercedina.com\/web\/wp-json\/wp\/v2\/tags?post=20476"}],"curies":[{"name":"wp","href":"https:\/\/api.w.org\/{rel}","templated":true}]}}