{"id":2045,"date":"2009-08-25T00:07:11","date_gmt":"2009-08-25T03:07:11","guid":{"rendered":"https:\/\/ligamercedina.com\/?p=2045"},"modified":"2009-08-25T00:07:11","modified_gmt":"2009-08-25T03:07:11","slug":"imagenes-del-fin-de-semana-2","status":"publish","type":"post","link":"https:\/\/ligamercedina.com\/web\/imagenes-del-fin-de-semana-2\/","title":{"rendered":"IMAGENES DEL FIN DE SEMANA"},"content":{"rendered":"<p><a href=\"https:\/\/ligamercedina.com\/wp-content\/uploads\/2009\/08\/dscn2702.jpg\"><img loading=\"lazy\" decoding=\"async\" src=\"https:\/\/ligamercedina.com\/wp-content\/uploads\/2009\/08\/dscn2702.jpg\" alt=\"\" title=\"dscn2702\" width=\"480\" height=\"360\" class=\"aligncenter size-full wp-image-2058\" srcset=\"https:\/\/ligamercedina.com\/web\/wp-content\/uploads\/2009\/08\/dscn2702.jpg 480w, https:\/\/ligamercedina.com\/web\/wp-content\/uploads\/2009\/08\/dscn2702-300x225.jpg 300w, https:\/\/ligamercedina.com\/web\/wp-content\/uploads\/2009\/08\/dscn2702-400x300.jpg 400w\" sizes=\"auto, (max-width: 480px) 100vw, 480px\" \/><\/a><br \/>\n<em><strong>Comunicaciones le volvi\u00f3 a ganar a Mercedes en 1a Divisi\u00f3n y es \u00fanico l\u00edder<\/strong><\/em><\/p>\n<p><a href=\"https:\/\/ligamercedina.com\/wp-content\/uploads\/2009\/08\/rscn2714.jpg\"><img loading=\"lazy\" decoding=\"async\" src=\"https:\/\/ligamercedina.com\/wp-content\/uploads\/2009\/08\/rscn2714.jpg\" alt=\"\" title=\"rscn2714\" width=\"480\" height=\"360\" class=\"aligncenter size-full wp-image-2056\" srcset=\"https:\/\/ligamercedina.com\/web\/wp-content\/uploads\/2009\/08\/rscn2714.jpg 480w, https:\/\/ligamercedina.com\/web\/wp-content\/uploads\/2009\/08\/rscn2714-300x225.jpg 300w, https:\/\/ligamercedina.com\/web\/wp-content\/uploads\/2009\/08\/rscn2714-400x300.jpg 400w\" sizes=\"auto, (max-width: 480px) 100vw, 480px\" \/><\/a><br \/>\n<em><strong>Mat\u00edas Fern\u00e1ndez anot\u00f3 los tres goles en la victoria de Quilmentes ante Ateneo.<\/strong><\/em><\/p>\n<p><a href=\"https:\/\/ligamercedina.com\/wp-content\/uploads\/2009\/08\/dscn2721.jpg\"><img loading=\"lazy\" decoding=\"async\" src=\"https:\/\/ligamercedina.com\/wp-content\/uploads\/2009\/08\/dscn2721.jpg\" alt=\"\" title=\"dscn2721\" width=\"480\" height=\"360\" class=\"aligncenter size-full wp-image-2054\" srcset=\"https:\/\/ligamercedina.com\/web\/wp-content\/uploads\/2009\/08\/dscn2721.jpg 480w, https:\/\/ligamercedina.com\/web\/wp-content\/uploads\/2009\/08\/dscn2721-300x225.jpg 300w, https:\/\/ligamercedina.com\/web\/wp-content\/uploads\/2009\/08\/dscn2721-400x300.jpg 400w\" sizes=\"auto, (max-width: 480px) 100vw, 480px\" \/><\/a><br \/>\n<em><strong>Flavio Fern\u00e1ndez se lleva la pelota ante Aquino. Cruzados gan\u00f3 su primer<br \/>\npartido en el Clausura de Primera<\/strong><\/em><\/p>\n<p><a href=\"https:\/\/ligamercedina.com\/wp-content\/uploads\/2009\/08\/dscn2696.jpg\"><img loading=\"lazy\" decoding=\"async\" src=\"https:\/\/ligamercedina.com\/wp-content\/uploads\/2009\/08\/dscn2696.jpg\" alt=\"\" title=\"dscn2696\" width=\"480\" height=\"360\" class=\"aligncenter size-full wp-image-2052\" srcset=\"https:\/\/ligamercedina.com\/web\/wp-content\/uploads\/2009\/08\/dscn2696.jpg 480w, https:\/\/ligamercedina.com\/web\/wp-content\/uploads\/2009\/08\/dscn2696-300x225.jpg 300w, https:\/\/ligamercedina.com\/web\/wp-content\/uploads\/2009\/08\/dscn2696-400x300.jpg 400w\" sizes=\"auto, (max-width: 480px) 100vw, 480px\" \/><\/a><br \/>\n<em><strong>Categor\u00eda 92-93 de El Front\u00f3n. Le gan\u00f3 a Ateneo y se consagr\u00f3 campeona<\/strong><\/em><\/p>\n<p><a href=\"https:\/\/ligamercedina.com\/wp-content\/uploads\/2009\/08\/dscn2705.jpg\"><img loading=\"lazy\" decoding=\"async\" src=\"https:\/\/ligamercedina.com\/wp-content\/uploads\/2009\/08\/dscn2705.jpg\" alt=\"\" title=\"dscn2705\" width=\"480\" height=\"360\" class=\"aligncenter size-full wp-image-2050\" srcset=\"https:\/\/ligamercedina.com\/web\/wp-content\/uploads\/2009\/08\/dscn2705.jpg 480w, https:\/\/ligamercedina.com\/web\/wp-content\/uploads\/2009\/08\/dscn2705-300x225.jpg 300w, https:\/\/ligamercedina.com\/web\/wp-content\/uploads\/2009\/08\/dscn2705-400x300.jpg 400w\" sizes=\"auto, (max-width: 480px) 100vw, 480px\" \/><\/a><br \/>\n<em><strong>Tarde de empates en cancha de Comunicaciones, donde el local recibi\u00f3 a Quilmes<\/strong><\/em><\/p>\n<p><a href=\"https:\/\/ligamercedina.com\/wp-content\/uploads\/2009\/08\/dscn2697.jpg\"><img loading=\"lazy\" decoding=\"async\" src=\"https:\/\/ligamercedina.com\/wp-content\/uploads\/2009\/08\/dscn2697.jpg\" alt=\"\" title=\"dscn2697\" width=\"480\" height=\"360\" class=\"aligncenter size-full wp-image-2047\" srcset=\"https:\/\/ligamercedina.com\/web\/wp-content\/uploads\/2009\/08\/dscn2697.jpg 480w, https:\/\/ligamercedina.com\/web\/wp-content\/uploads\/2009\/08\/dscn2697-300x225.jpg 300w, https:\/\/ligamercedina.com\/web\/wp-content\/uploads\/2009\/08\/dscn2697-400x300.jpg 400w\" sizes=\"auto, (max-width: 480px) 100vw, 480px\" \/><\/a><br \/>\n<em><strong>Ateneo y El Front\u00f3n jugar\u00f3n encuentros entretenidos en cancha de nueve<\/strong><\/em><\/p>\n","protected":false},"excerpt":{"rendered":"<p>Comunicaciones le volvi\u00f3 a ganar a Mercedes en 1a Divisi\u00f3n y es \u00fanico l\u00edder Mat\u00edas Fern\u00e1ndez anot\u00f3 los tres goles en la victoria de Quilmentes ante Ateneo. Flavio Fern\u00e1ndez se lleva la pelota ante Aquino. Cruzados gan\u00f3 su primer partido en el Clausura de Primera Categor\u00eda 92-93 de El Front\u00f3n. Le gan\u00f3 a Ateneo y se consagr\u00f3 campeona Tarde de<\/p>\n","protected":false},"author":1,"featured_media":0,"comment_status":"open","ping_status":"open","sticky":false,"template":"","format":"standard","meta":{"footnotes":""},"categories":[4],"tags":[],"class_list":["post-2045","post","type-post","status-publish","format-standard","hentry","category-informaciongeneral"],"_links":{"self":[{"href":"https:\/\/ligamercedina.com\/web\/wp-json\/wp\/v2\/posts\/2045","targetHints":{"allow":["GET"]}}],"collection":[{"href":"https:\/\/ligamercedina.com\/web\/wp-json\/wp\/v2\/posts"}],"about":[{"href":"https:\/\/ligamercedina.com\/web\/wp-json\/wp\/v2\/types\/post"}],"author":[{"embeddable":true,"href":"https:\/\/ligamercedina.com\/web\/wp-json\/wp\/v2\/users\/1"}],"replies":[{"embeddable":true,"href":"https:\/\/ligamercedina.com\/web\/wp-json\/wp\/v2\/comments?post=2045"}],"version-history":[{"count":9,"href":"https:\/\/ligamercedina.com\/web\/wp-json\/wp\/v2\/posts\/2045\/revisions"}],"predecessor-version":[{"id":2059,"href":"https:\/\/ligamercedina.com\/web\/wp-json\/wp\/v2\/posts\/2045\/revisions\/2059"}],"wp:attachment":[{"href":"https:\/\/ligamercedina.com\/web\/wp-json\/wp\/v2\/media?parent=2045"}],"wp:term":[{"taxonomy":"category","embeddable":true,"href":"https:\/\/ligamercedina.com\/web\/wp-json\/wp\/v2\/categories?post=2045"},{"taxonomy":"post_tag","embeddable":true,"href":"https:\/\/ligamercedina.com\/web\/wp-json\/wp\/v2\/tags?post=2045"}],"curies":[{"name":"wp","href":"https:\/\/api.w.org\/{rel}","templated":true}]}}