{"id":20447,"date":"2017-11-26T22:25:15","date_gmt":"2017-11-27T01:25:15","guid":{"rendered":"https:\/\/ligamercedina.com\/web\/?p=20447"},"modified":"2017-11-27T00:29:20","modified_gmt":"2017-11-27T03:29:20","slug":"futbol-femenino-resultados-del-fin-de-semana-2","status":"publish","type":"post","link":"https:\/\/ligamercedina.com\/web\/futbol-femenino-resultados-del-fin-de-semana-2\/","title":{"rendered":"FUTBOL FEMENINO: RESULTADOS DEL FIN DE SEMANA"},"content":{"rendered":"<blockquote><p><strong>PRIMERA DIVISION -SEMIFINALES- REVANCHA<\/strong><\/p><\/blockquote>\n<p><strong>ALFA: -3-;<\/strong> Natalia Gallo, Daiana Herman, Victoria Mu\u00f1oz<br \/>\n<strong>MERCEDES: -1-;<\/strong> Gisella Hillcoat<\/p>\n<p><strong>EL FRONTON: -1-;<\/strong> Marina Prado<br \/>\n<strong>ESTUDIANTES: -0-<\/strong><\/p>\n<p>* Alfa y El Front\u00f3n jugar\u00e1n la final<\/p>\n<blockquote><p><strong>SUB 13<\/strong><\/p><\/blockquote>\n<p><strong>ESTUDIANTES: -2-;<\/strong> Valentina Alfano, Juana C\u00e1ngaro<br \/>\n<strong>DEFENSORES: -0-<\/strong><\/p>\n<p><strong>UNI\u00d3N: -1-;<\/strong> Priscila Espinosa<br \/>\n<strong>V\u00c9LEZ: -4-;<\/strong> Jennifer Duberti, Camila Nariche, Lidia Romero (2)<\/p>\n<p><strong>COMUNICACIONES: -1-;<\/strong> Martina Paj\u00f3n<br \/>\n<strong>ALFA: -0-<\/strong><\/p>\n<blockquote><p><strong>SUB 15<\/strong><\/p><\/blockquote>\n<p><strong>UNI\u00d3N: -0-<br \/>\nV\u00c9LEZ: -6-;<\/strong> Cecilia Ascona, Yasm\u00edn Crema (2), Milagros Leyes, Luc\u00eda Potes (2)<\/p>\n<p><strong>COMUNICACIONES: -0-<br \/>\nALFA: -0-<\/strong><\/p>\n<blockquote><p><strong>POSICIONES<\/strong><\/p><\/blockquote>\n<p><a href=\"https:\/\/ligamercedina.com\/web\/wp-content\/uploads\/2017\/11\/Diapositiva1.jpg\"><img loading=\"lazy\" decoding=\"async\" src=\"https:\/\/ligamercedina.com\/web\/wp-content\/uploads\/2017\/11\/Diapositiva1.jpg\" alt=\"\" width=\"720\" height=\"540\" class=\"aligncenter size-full wp-image-20456\" srcset=\"https:\/\/ligamercedina.com\/web\/wp-content\/uploads\/2017\/11\/Diapositiva1.jpg 720w, https:\/\/ligamercedina.com\/web\/wp-content\/uploads\/2017\/11\/Diapositiva1-300x225.jpg 300w\" sizes=\"auto, (max-width: 720px) 100vw, 720px\" \/><\/a><\/p>\n","protected":false},"excerpt":{"rendered":"<p>PRIMERA DIVISION -SEMIFINALES- REVANCHA ALFA: -3-; Natalia Gallo, Daiana Herman, Victoria Mu\u00f1oz MERCEDES: -1-; Gisella Hillcoat EL FRONTON: -1-; Marina Prado ESTUDIANTES: -0- * Alfa y El Front\u00f3n jugar\u00e1n la final SUB 13 ESTUDIANTES: -2-; Valentina Alfano, Juana C\u00e1ngaro DEFENSORES: -0- UNI\u00d3N: -1-; Priscila Espinosa V\u00c9LEZ: -4-; Jennifer Duberti, Camila Nariche, Lidia Romero (2) COMUNICACIONES: -1-; Martina Paj\u00f3n ALFA: -0-<\/p>\n","protected":false},"author":2,"featured_media":0,"comment_status":"open","ping_status":"open","sticky":false,"template":"","format":"standard","meta":{"footnotes":""},"categories":[4],"tags":[],"class_list":["post-20447","post","type-post","status-publish","format-standard","hentry","category-informaciongeneral"],"_links":{"self":[{"href":"https:\/\/ligamercedina.com\/web\/wp-json\/wp\/v2\/posts\/20447","targetHints":{"allow":["GET"]}}],"collection":[{"href":"https:\/\/ligamercedina.com\/web\/wp-json\/wp\/v2\/posts"}],"about":[{"href":"https:\/\/ligamercedina.com\/web\/wp-json\/wp\/v2\/types\/post"}],"author":[{"embeddable":true,"href":"https:\/\/ligamercedina.com\/web\/wp-json\/wp\/v2\/users\/2"}],"replies":[{"embeddable":true,"href":"https:\/\/ligamercedina.com\/web\/wp-json\/wp\/v2\/comments?post=20447"}],"version-history":[{"count":4,"href":"https:\/\/ligamercedina.com\/web\/wp-json\/wp\/v2\/posts\/20447\/revisions"}],"predecessor-version":[{"id":20458,"href":"https:\/\/ligamercedina.com\/web\/wp-json\/wp\/v2\/posts\/20447\/revisions\/20458"}],"wp:attachment":[{"href":"https:\/\/ligamercedina.com\/web\/wp-json\/wp\/v2\/media?parent=20447"}],"wp:term":[{"taxonomy":"category","embeddable":true,"href":"https:\/\/ligamercedina.com\/web\/wp-json\/wp\/v2\/categories?post=20447"},{"taxonomy":"post_tag","embeddable":true,"href":"https:\/\/ligamercedina.com\/web\/wp-json\/wp\/v2\/tags?post=20447"}],"curies":[{"name":"wp","href":"https:\/\/api.w.org\/{rel}","templated":true}]}}