{"id":20408,"date":"2017-11-19T11:34:35","date_gmt":"2017-11-19T14:34:35","guid":{"rendered":"https:\/\/ligamercedina.com\/web\/?p=20408"},"modified":"2017-11-19T11:34:35","modified_gmt":"2017-11-19T14:34:35","slug":"reserva-resultados-del-fin-de-semana-posiciones-y-programaciones","status":"publish","type":"post","link":"https:\/\/ligamercedina.com\/web\/reserva-resultados-del-fin-de-semana-posiciones-y-programaciones\/","title":{"rendered":"RESERVA: RESULTADOS DEL FIN DE SEMANA, POSICIONES Y PROGRAMACIONES"},"content":{"rendered":"<p><strong>A.M.E.F.I.P.: -1-<br \/>\nPALOMETAS:-0-<\/p>\n<p>ATENEO: -4-<br \/>\nCOSTA BRAVA:-2-<\/p>\n<p>MERCEDES: -2-<br \/>\nEL TIMON: -1-<\/p>\n<p>UNION: -1-<br \/>\nPABELLON ARGENTINO: -2-<\/p>\n<p>ESTUDIANTES -2-<br \/>\nVELEZ SARSFIELD: -3-<\/p>\n<p>COMUNICACIONES: -2-<br \/>\nEL FRONTON: -0-  <\/strong><\/p>\n<p><a href=\"https:\/\/ligamercedina.com\/web\/wp-content\/uploads\/2017\/11\/resssss-1.jpg\"><img loading=\"lazy\" decoding=\"async\" src=\"https:\/\/ligamercedina.com\/web\/wp-content\/uploads\/2017\/11\/resssss-1.jpg\" alt=\"\" width=\"552\" height=\"563\" class=\"aligncenter size-full wp-image-20409\" srcset=\"https:\/\/ligamercedina.com\/web\/wp-content\/uploads\/2017\/11\/resssss-1.jpg 552w, https:\/\/ligamercedina.com\/web\/wp-content\/uploads\/2017\/11\/resssss-1-294x300.jpg 294w, https:\/\/ligamercedina.com\/web\/wp-content\/uploads\/2017\/11\/resssss-1-75x75.jpg 75w\" sizes=\"auto, (max-width: 552px) 100vw, 552px\" \/><\/a><\/p>\n<blockquote><p><strong>Programaci\u00f3n de postergados<\/strong><\/p><\/blockquote>\n<p><em><strong>Jueves 23 de noviembre, cancha Liga Mercedina<\/strong><\/em><br \/>\n21 o 21:30 hs. Comunicaciones Vs. Atl\u00e9tico Marcos Paz<\/p>\n<p><em><strong>S\u00e1bado 25 de noviembre, a confirmar cancha y horarios<\/strong><\/em><br \/>\nAteneo Vs. Trocha<br \/>\nAMEFIP Vs.  Juventud<\/p>\n<p><em><strong>Domingo 26 de noviembre, a confirmar hora<\/strong><\/em><br \/>\nAtl\u00e9tico Marcos Paz Vs. Mercedes<\/p>\n","protected":false},"excerpt":{"rendered":"<p>A.M.E.F.I.P.: -1- PALOMETAS:-0- ATENEO: -4- COSTA BRAVA:-2- MERCEDES: -2- EL TIMON: -1- UNION: -1- PABELLON ARGENTINO: -2- ESTUDIANTES -2- VELEZ SARSFIELD: -3- COMUNICACIONES: -2- EL FRONTON: -0- Programaci\u00f3n de postergados Jueves 23 de noviembre, cancha Liga Mercedina 21 o 21:30 hs. Comunicaciones Vs. Atl\u00e9tico Marcos Paz S\u00e1bado 25 de noviembre, a confirmar cancha y horarios Ateneo Vs. Trocha AMEFIP Vs.<\/p>\n","protected":false},"author":2,"featured_media":0,"comment_status":"open","ping_status":"open","sticky":false,"template":"","format":"standard","meta":{"footnotes":""},"categories":[4],"tags":[],"class_list":["post-20408","post","type-post","status-publish","format-standard","hentry","category-informaciongeneral"],"_links":{"self":[{"href":"https:\/\/ligamercedina.com\/web\/wp-json\/wp\/v2\/posts\/20408","targetHints":{"allow":["GET"]}}],"collection":[{"href":"https:\/\/ligamercedina.com\/web\/wp-json\/wp\/v2\/posts"}],"about":[{"href":"https:\/\/ligamercedina.com\/web\/wp-json\/wp\/v2\/types\/post"}],"author":[{"embeddable":true,"href":"https:\/\/ligamercedina.com\/web\/wp-json\/wp\/v2\/users\/2"}],"replies":[{"embeddable":true,"href":"https:\/\/ligamercedina.com\/web\/wp-json\/wp\/v2\/comments?post=20408"}],"version-history":[{"count":1,"href":"https:\/\/ligamercedina.com\/web\/wp-json\/wp\/v2\/posts\/20408\/revisions"}],"predecessor-version":[{"id":20410,"href":"https:\/\/ligamercedina.com\/web\/wp-json\/wp\/v2\/posts\/20408\/revisions\/20410"}],"wp:attachment":[{"href":"https:\/\/ligamercedina.com\/web\/wp-json\/wp\/v2\/media?parent=20408"}],"wp:term":[{"taxonomy":"category","embeddable":true,"href":"https:\/\/ligamercedina.com\/web\/wp-json\/wp\/v2\/categories?post=20408"},{"taxonomy":"post_tag","embeddable":true,"href":"https:\/\/ligamercedina.com\/web\/wp-json\/wp\/v2\/tags?post=20408"}],"curies":[{"name":"wp","href":"https:\/\/api.w.org\/{rel}","templated":true}]}}