{"id":204,"date":"2007-08-27T16:38:02","date_gmt":"2007-08-27T19:38:02","guid":{"rendered":"https:\/\/ligamercedina.com\/?p=204"},"modified":"2007-08-27T16:38:02","modified_gmt":"2007-08-27T19:38:02","slug":"esta-noche-asamblea-extraordinaria","status":"publish","type":"post","link":"https:\/\/ligamercedina.com\/web\/esta-noche-asamblea-extraordinaria\/","title":{"rendered":"ESTA NOCHE ASAMBLEA EXTRAORDINARIA"},"content":{"rendered":"<p><strong>En la noche de este lunes, la sede de la Liga Mercedina ser\u00e1 escenario de una Asamblea Extraordinaria, donde aparecen como principales puntos a tratar la renuncia presentada el pasado 15 de agosto por el Presidente de la instituci\u00f3n Mart\u00edn Boragno; y la continuidad de los torneos de Primera y Tercera Divisi\u00f3n.<br \/>\nCon fecha 15 de agosto, los Presidentes y delegados de los clubes afiliados a la Liga fueron notificados para dar su asistencia a dicha Asamblea.<\/strong><\/p>\n","protected":false},"excerpt":{"rendered":"<p>En la noche de este lunes, la sede de la Liga Mercedina ser\u00e1 escenario de una Asamblea Extraordinaria, donde aparecen como principales puntos a tratar la renuncia presentada el pasado 15 de agosto por el Presidente de la instituci\u00f3n Mart\u00edn Boragno; y la continuidad de los torneos de Primera y Tercera Divisi\u00f3n. Con fecha 15 de agosto, los Presidentes y<\/p>\n","protected":false},"author":1,"featured_media":0,"comment_status":"open","ping_status":"open","sticky":false,"template":"","format":"standard","meta":{"footnotes":""},"categories":[4],"tags":[],"class_list":["post-204","post","type-post","status-publish","format-standard","hentry","category-informaciongeneral"],"_links":{"self":[{"href":"https:\/\/ligamercedina.com\/web\/wp-json\/wp\/v2\/posts\/204","targetHints":{"allow":["GET"]}}],"collection":[{"href":"https:\/\/ligamercedina.com\/web\/wp-json\/wp\/v2\/posts"}],"about":[{"href":"https:\/\/ligamercedina.com\/web\/wp-json\/wp\/v2\/types\/post"}],"author":[{"embeddable":true,"href":"https:\/\/ligamercedina.com\/web\/wp-json\/wp\/v2\/users\/1"}],"replies":[{"embeddable":true,"href":"https:\/\/ligamercedina.com\/web\/wp-json\/wp\/v2\/comments?post=204"}],"version-history":[{"count":0,"href":"https:\/\/ligamercedina.com\/web\/wp-json\/wp\/v2\/posts\/204\/revisions"}],"wp:attachment":[{"href":"https:\/\/ligamercedina.com\/web\/wp-json\/wp\/v2\/media?parent=204"}],"wp:term":[{"taxonomy":"category","embeddable":true,"href":"https:\/\/ligamercedina.com\/web\/wp-json\/wp\/v2\/categories?post=204"},{"taxonomy":"post_tag","embeddable":true,"href":"https:\/\/ligamercedina.com\/web\/wp-json\/wp\/v2\/tags?post=204"}],"curies":[{"name":"wp","href":"https:\/\/api.w.org\/{rel}","templated":true}]}}