{"id":20327,"date":"2017-11-16T18:57:20","date_gmt":"2017-11-16T21:57:20","guid":{"rendered":"https:\/\/ligamercedina.com\/web\/?p=20327"},"modified":"2017-11-18T10:53:14","modified_gmt":"2017-11-18T13:53:14","slug":"horarios-para-el-fin-de-semana-147","status":"publish","type":"post","link":"https:\/\/ligamercedina.com\/web\/horarios-para-el-fin-de-semana-147\/","title":{"rendered":"HORARIOS PARA EL FIN DE SEMANA"},"content":{"rendered":"<blockquote><p><strong>PRIMERA DIVISION<\/strong><\/p><\/blockquote>\n<p><em><strong>Viernes 17 de noviembre, cancha Liga Mercedina<\/strong><\/em><br \/>\n19:45 hs. Comunicaciones Vs. El Front\u00f3n<br \/>\n21:45 hs. Trocha Vs. Juventud<\/p>\n<p><em><strong>S\u00e1bado 18 de noviembre, cancha Liga Mercedina<\/strong><\/em><br \/>\n15:00 hs. El Tim\u00f3n Vs. Mercedes<br \/>\n17:00 hs.  Estudiantes Vs. V\u00e9lez<br \/>\n19:00 hs. A.M.E.F.I.P. Vs. Palometas<\/p>\n<p><em><strong>S\u00e1bado 18 de noviembre, cancha Atl\u00e9tico Marcos Paz<\/strong><\/em><br \/>\n16:00 hs. Atl\u00e9tico Marcos Paz Vs. Quilmes<\/p>\n<p><em><strong>Postergado<\/strong><\/em><br \/>\nCosta Brava Vs. Ateneo<\/p>\n<blockquote><p><strong>RESERVA<\/strong><\/p><\/blockquote>\n<p><em><strong>S\u00e1bado 18 de septiembre, cancha Comunicaciones<\/strong><\/em><br \/>\n13:00 hs. Comunicaciones Vs. El Front\u00f3n<br \/>\n14:45 hs. Uni\u00f3n Vs. Pabell\u00f3n Argentino<\/p>\n<p><em><strong>S\u00e1bado 18 de septiembre, cancha Ateneo<\/strong><\/em><br \/>\n14:30 hs. A.M.E.F.I.P. Vs. Palometas<br \/>\n16:45 hs. Ateneo Vs. Costa Brava<\/p>\n<p><em><strong>S\u00e1bado 18 de septiembre, cancha Mercedes<\/strong><\/em><br \/>\n17:15 hs. El Tim\u00f3n Vs. Mercedes<\/p>\n<p><em><strong>S\u00e1bado 18 de septiembre, cancha Liga Mercedina<\/strong><\/em><br \/>\n21:00 hs. Estudiantes Vs. V\u00e9lez<\/p>\n<p><em><strong>Postergados<\/strong><\/em><br \/>\nAtl\u00e9tico Marcos Paz Vs. Quilmas<br \/>\nTrocha Juventud<\/p>\n<blockquote><p><strong>INFANTIL<\/strong><\/p><\/blockquote>\n<p>Mercedes \u201cA\u201d Vs. Comunicaciones Uni\u00f3n Vs. Mercedes, Juventud Vs. V\u00e9lez, Quilmes Vs.  El Front\u00f3n, Estudiantes Vs. Palometas, Ateneo Vs. Los Vascos<br \/>\n13:00 hs. Categor\u00eda Promocional<br \/>\n14:00 hs. Categor\u00eda 2008<br \/>\n15:00 hs. Categor\u00eda 2007<br \/>\n16:00 hs.  Categor\u00eda 2006<\/p>\n<blockquote><p><strong>JUVENIL<\/strong><\/p><\/blockquote>\n<p>Uni\u00f3n Vs. Mercedes, Quilmes Vs. El Front\u00f3n, Defensores Vs. Pabell\u00f3n Argentino<br \/>\n11:00 hs. Categor\u00eda 2003<br \/>\n12:15 hs. Categor\u00eda 2004<br \/>\n13:30 hs. Categor\u00eda 2005<br \/>\n14:45 hs. Categor\u00eda 2002<br \/>\n16:00 hs. Categor\u00eda 5a<\/p>\n<p>Juventud Vs. V\u00e9lez<br \/>\n11:00 hs. Categor\u00eda 2003<br \/>\n12:15 hs. Categor\u00eda 2004<br \/>\n13:30 hs. Categor\u00eda 2005<br \/>\n14:45 hs. Categor\u00eda 5a<\/p>\n<p>Mercedes \u201cA\u201d Vs. Comunicaciones<br \/>\nJueves cancha Liga<br \/>\n19:30 hs. Categor\u00eda 2003<\/p>\n<p>S\u00e1bado<br \/>\n12:00 hs. Categor\u00eda 2004<br \/>\n13:15 hs. Categor\u00eda 2005<br \/>\n14:30 hs. Categor\u00eda 2002<br \/>\n15:45 hs. Categor\u00eda 5a<\/p>\n<p>Estudiantes Vs. Palometas.<br \/>\n12:00 hs. Categor\u00eda 2003<br \/>\n13:15 hs. Categor\u00eda 2004<br \/>\n14:30 hs. Categor\u00eda 2005<br \/>\n15:45 hs. Categor\u00eda 2002<\/p>\n<p>Ateneo Vs. Los Vascos<br \/>\n11:00 hs. Categor\u00eda 2005<br \/>\n12:00 hs. Categor\u00eda 2004<br \/>\n13:15 hs. Categor\u00eda 2002<\/p>\n<p>Postergado<br \/>\nCategor\u00eda 2003<\/p>\n<blockquote><p><strong>LUNES<br \/>\nINFANTIL<\/strong><\/p><\/blockquote>\n<p>El Front\u00f3n Vs. Uni\u00f3n, Los Vascos Vs. Quilmes, Palometas Vs. Ateneo, V\u00e9lez Vs. Defensores, Mercedes \u201cA\u201d Vs. Juventud<br \/>\n13:00 hs. Categor\u00eda Promocional<br \/>\n14:00 hs. Categor\u00eda 2008<br \/>\n15:00 hs. Categor\u00eda 2007<br \/>\n16:00 hs.  Categor\u00eda 2006<\/p>\n<p><em><strong>Suspendido<\/strong><\/em><br \/>\nComunicaciones Vs. Mercedes<\/p>\n<blockquote><p><strong>JUVENIL<\/strong><\/p><\/blockquote>\n<p>El Front\u00f3n Vs. Uni\u00f3n, V\u00e9lez Vs. Defensores, Mercedes \u201cA\u201d Vs. Juventud, Pabell\u00f3n Argentino Vs. Estudiantes<br \/>\n11:00 hs. Categor\u00eda 2003<br \/>\n12:15 hs. Categor\u00eda 2004<br \/>\n13:30 hs. Categor\u00eda 2005<br \/>\n14:45 hs. Categor\u00eda 2002<br \/>\n16:00 hs. Categor\u00eda 5a<\/p>\n<p>Los Vascos Vs. Quilmes<br \/>\n11:00 hs. Categor\u00eda 2003<br \/>\n12:15 hs. Categor\u00eda 2004<br \/>\n13:30 hs. Categor\u00eda 2005<br \/>\n14:45 hs. Categor\u00eda 2002<\/p>\n<p>Palometas Vs. Ateneo<br \/>\n13:00 hs. Categor\u00eda 2004<br \/>\n14:15 hs. Categor\u00eda 2005<br \/>\n15:30 hs. Categor\u00eda 2002<\/p>\n<p>Postergado<br \/>\nCategor\u00eda 2003<\/p>\n","protected":false},"excerpt":{"rendered":"<p>PRIMERA DIVISION Viernes 17 de noviembre, cancha Liga Mercedina 19:45 hs. Comunicaciones Vs. El Front\u00f3n 21:45 hs. Trocha Vs. Juventud S\u00e1bado 18 de noviembre, cancha Liga Mercedina 15:00 hs. El Tim\u00f3n Vs. Mercedes 17:00 hs. Estudiantes Vs. V\u00e9lez 19:00 hs. A.M.E.F.I.P. Vs. Palometas S\u00e1bado 18 de noviembre, cancha Atl\u00e9tico Marcos Paz 16:00 hs. Atl\u00e9tico Marcos Paz Vs. Quilmes Postergado Costa<\/p>\n","protected":false},"author":2,"featured_media":0,"comment_status":"open","ping_status":"open","sticky":false,"template":"","format":"standard","meta":{"footnotes":""},"categories":[4],"tags":[],"class_list":["post-20327","post","type-post","status-publish","format-standard","hentry","category-informaciongeneral"],"_links":{"self":[{"href":"https:\/\/ligamercedina.com\/web\/wp-json\/wp\/v2\/posts\/20327","targetHints":{"allow":["GET"]}}],"collection":[{"href":"https:\/\/ligamercedina.com\/web\/wp-json\/wp\/v2\/posts"}],"about":[{"href":"https:\/\/ligamercedina.com\/web\/wp-json\/wp\/v2\/types\/post"}],"author":[{"embeddable":true,"href":"https:\/\/ligamercedina.com\/web\/wp-json\/wp\/v2\/users\/2"}],"replies":[{"embeddable":true,"href":"https:\/\/ligamercedina.com\/web\/wp-json\/wp\/v2\/comments?post=20327"}],"version-history":[{"count":11,"href":"https:\/\/ligamercedina.com\/web\/wp-json\/wp\/v2\/posts\/20327\/revisions"}],"predecessor-version":[{"id":20398,"href":"https:\/\/ligamercedina.com\/web\/wp-json\/wp\/v2\/posts\/20327\/revisions\/20398"}],"wp:attachment":[{"href":"https:\/\/ligamercedina.com\/web\/wp-json\/wp\/v2\/media?parent=20327"}],"wp:term":[{"taxonomy":"category","embeddable":true,"href":"https:\/\/ligamercedina.com\/web\/wp-json\/wp\/v2\/categories?post=20327"},{"taxonomy":"post_tag","embeddable":true,"href":"https:\/\/ligamercedina.com\/web\/wp-json\/wp\/v2\/tags?post=20327"}],"curies":[{"name":"wp","href":"https:\/\/api.w.org\/{rel}","templated":true}]}}