{"id":20322,"date":"2017-11-13T13:27:28","date_gmt":"2017-11-13T16:27:28","guid":{"rendered":"https:\/\/ligamercedina.com\/web\/?p=20322"},"modified":"2017-11-13T13:27:28","modified_gmt":"2017-11-13T16:27:28","slug":"lunes-con-importante-reunion-de-delegados","status":"publish","type":"post","link":"https:\/\/ligamercedina.com\/web\/lunes-con-importante-reunion-de-delegados\/","title":{"rendered":"LUNES CON IMPORTANTE REUNION DE DELEGADOS"},"content":{"rendered":"<blockquote><p><strong>Desde las 20 horas de esta noche, en la sede de la Liga Mercedina se concretar\u00e1 una reuni\u00f3n de delegados donde se abordar\u00e1n distintos temas que hacen a la organizaci\u00f3n de los torneos y tambi\u00e9n novedades de cara a las pr\u00f3ximas semanas.<\/p>\n<p>Al encuentro han sido convocados los delegados de todos los clubes, adelantando que durante el encuentro existe la posibilidad que algunos de los temas ameritan la realizaci\u00f3n de votaci\u00f3n con los presentes.<\/strong><\/p><\/blockquote>\n","protected":false},"excerpt":{"rendered":"<p>Desde las 20 horas de esta noche, en la sede de la Liga Mercedina se concretar\u00e1 una reuni\u00f3n de delegados donde se abordar\u00e1n distintos temas que hacen a la organizaci\u00f3n de los torneos y tambi\u00e9n novedades de cara a las pr\u00f3ximas semanas. Al encuentro han sido convocados los delegados de todos los clubes, adelantando que durante el encuentro existe la<\/p>\n","protected":false},"author":2,"featured_media":0,"comment_status":"open","ping_status":"open","sticky":false,"template":"","format":"standard","meta":{"footnotes":""},"categories":[4],"tags":[],"class_list":["post-20322","post","type-post","status-publish","format-standard","hentry","category-informaciongeneral"],"_links":{"self":[{"href":"https:\/\/ligamercedina.com\/web\/wp-json\/wp\/v2\/posts\/20322","targetHints":{"allow":["GET"]}}],"collection":[{"href":"https:\/\/ligamercedina.com\/web\/wp-json\/wp\/v2\/posts"}],"about":[{"href":"https:\/\/ligamercedina.com\/web\/wp-json\/wp\/v2\/types\/post"}],"author":[{"embeddable":true,"href":"https:\/\/ligamercedina.com\/web\/wp-json\/wp\/v2\/users\/2"}],"replies":[{"embeddable":true,"href":"https:\/\/ligamercedina.com\/web\/wp-json\/wp\/v2\/comments?post=20322"}],"version-history":[{"count":1,"href":"https:\/\/ligamercedina.com\/web\/wp-json\/wp\/v2\/posts\/20322\/revisions"}],"predecessor-version":[{"id":20323,"href":"https:\/\/ligamercedina.com\/web\/wp-json\/wp\/v2\/posts\/20322\/revisions\/20323"}],"wp:attachment":[{"href":"https:\/\/ligamercedina.com\/web\/wp-json\/wp\/v2\/media?parent=20322"}],"wp:term":[{"taxonomy":"category","embeddable":true,"href":"https:\/\/ligamercedina.com\/web\/wp-json\/wp\/v2\/categories?post=20322"},{"taxonomy":"post_tag","embeddable":true,"href":"https:\/\/ligamercedina.com\/web\/wp-json\/wp\/v2\/tags?post=20322"}],"curies":[{"name":"wp","href":"https:\/\/api.w.org\/{rel}","templated":true}]}}