{"id":20189,"date":"2017-11-03T09:17:02","date_gmt":"2017-11-03T12:17:02","guid":{"rendered":"https:\/\/ligamercedina.com\/web\/?p=20189"},"modified":"2017-11-03T09:17:02","modified_gmt":"2017-11-03T12:17:02","slug":"horarios-para-el-fin-de-semana-146","status":"publish","type":"post","link":"https:\/\/ligamercedina.com\/web\/horarios-para-el-fin-de-semana-146\/","title":{"rendered":"HORARIOS PARA EL FIN DE SEMANA"},"content":{"rendered":"<blockquote><p><strong>PRIMERA DIVISION<\/strong><\/p><\/blockquote>\n<p><em><strong>S\u00e1bado 4 de noviembre, cancha Liga Mercedina<\/strong><\/em><br \/>\n16:00 hs. Trocha Vs. Tim\u00f3n<br \/>\n18:00 hs. Estudiantes Vs. A.ME.F.I.P.<\/p>\n<p><em><strong>S\u00e1bado 4 noviembre, cancha Costa Brava<\/strong><\/em><br \/>\n20:00 hs. Costa Brava Vs. Quilmes<\/p>\n<p><em><strong>Domingo 5 de noviembre, cancha Pabell\u00f3n Argentino<\/strong><\/em><br \/>\n14:00 hs. Pabell\u00f3n Argentino Vs. Ateneo<\/p>\n<p><em><strong>Domingo 5 de noviembre, cancha Atl\u00e9tico Marcos Paz<\/strong><\/em><br \/>\n16:00 hs. Atl\u00e9tico Marcos Paz Vs. El Front\u00f3n<\/p>\n<blockquote><p><strong>RESERVA<\/strong><\/p><\/blockquote>\n<p><em><strong>S\u00e1bado 4 de noviembre, cancha Liga Mercedina<\/strong><\/em><br \/>\n14:00 hs. Trocha Vs. El Tim\u00f3n<\/p>\n<p><em><strong>S\u00e1bado 4 de noviembre, cancha Mercedes<\/strong><\/em><br \/>\n17:30 hs. Mercedes Vs. Palometas <\/p>\n<p><em><strong>S\u00e1bado 4 noviembre, cancha Costa Brava<\/strong><\/em><br \/>\n18:00 hs. Costa Brava Vs. Quilmes<\/p>\n<p><em><strong>Domingo 5 de noviembre, cancha Atl\u00e9tico Marcos Paz<\/strong><\/em><br \/>\n14:00 hs. Atl\u00e9tico Marcos Paz Vs. El Front\u00f3n<\/p>\n<p><em><strong>Domingo 5 de noviembre, cancha Pabell\u00f3n Argentino<\/strong><\/em><br \/>\n16:00 hs. Pabell\u00f3n Argentino Vs. Ateneo<\/p>\n<blockquote><p><strong>INFANTIL<\/strong><\/p><\/blockquote>\n<p>Estudiantes Vs. El Front\u00f3n, Ateneo Vs. Mercedes, Quilmes Vs. Uni\u00f3n, V\u00e9lez Vs. Comunicaciones, Juventud Vs. Palometas, Defensores Vs. Los Vascos<br \/>\n13:00 hs. Categor\u00eda Promocional<br \/>\n14:00 hs. Categor\u00eda 2008<br \/>\n15:00 hs. Categor\u00eda 2007<br \/>\n16:00 hs. Categor\u00eda 2006<\/p>\n<blockquote><p><strong>JUVENIL<\/strong><\/p><\/blockquote>\n<p>Estudiantes Vs. El Front\u00f3n , Quilmes Vs. Uni\u00f3n,<br \/>\n11:00 hs. Categor\u00eda 2003<br \/>\n12:15 hs. Categor\u00eda 2004<br \/>\n13:30 hs. Categor\u00eda 2005<br \/>\n14:45 hs. Categor\u00eda 2002<br \/>\n16:00 hs. Categor\u00eda 5\u00aa<\/p>\n<p>Mercedes \u201cA\u201d Vs. Pabell\u00f3n Argentino<br \/>\n11:00 hs. Categor\u00eda 5a Div.<br \/>\n12:30 hs. Categor\u00eda 2002<br \/>\n13:45 hs. Categor\u00eda 2003<br \/>\n15:00 hs. Categor\u00eda 2004<br \/>\n16:15 hs. Categor\u00eda 2005<\/p>\n<p>V\u00e9lez Vs. Comunicaciones,<br \/>\n11:00 hs. Categor\u00eda 2002<br \/>\n12:15 hs. Categor\u00eda 5a<br \/>\n14:00 hs. Categor\u00eda 2003<br \/>\n15:15 hs. Categor\u00eda 2004<br \/>\n16:30 hs. Categor\u00eda 2005<\/p>\n<p>Ateneo Vs. Mercedes<br \/>\n11:00 hs. Categor\u00eda 2004<br \/>\n12:15 hs. Categor\u00eda 2002<br \/>\n13:30 hs. Categor\u00eda 2005<br \/>\n14:45 hs. Categor\u00eda 5\u00aa<br \/>\nPostergado Categ. 2003<\/p>\n<p>Juventud Vs. Palometas<br \/>\n12:30 hs. Categor\u00eda 2005<br \/>\n13:45 hs. Categor\u00eda 2003<br \/>\n15:00 hs. Categor\u00eda 2004<br \/>\n16:15 hs. Categor\u00eda 2002<\/p>\n<p>Defensores Vs. Los Vascos<br \/>\n11:00 hs. Categor\u00eda 2003<br \/>\n12:15 hs. Categor\u00eda 2004<br \/>\n13:30 hs. Categor\u00eda 2005<br \/>\n14:45 hs. Categor\u00eda 2002<\/p>\n","protected":false},"excerpt":{"rendered":"<p>PRIMERA DIVISION S\u00e1bado 4 de noviembre, cancha Liga Mercedina 16:00 hs. Trocha Vs. Tim\u00f3n 18:00 hs. Estudiantes Vs. A.ME.F.I.P. S\u00e1bado 4 noviembre, cancha Costa Brava 20:00 hs. Costa Brava Vs. Quilmes Domingo 5 de noviembre, cancha Pabell\u00f3n Argentino 14:00 hs. Pabell\u00f3n Argentino Vs. Ateneo Domingo 5 de noviembre, cancha Atl\u00e9tico Marcos Paz 16:00 hs. Atl\u00e9tico Marcos Paz Vs. El Front\u00f3n<\/p>\n","protected":false},"author":2,"featured_media":0,"comment_status":"open","ping_status":"open","sticky":false,"template":"","format":"standard","meta":{"footnotes":""},"categories":[4],"tags":[],"class_list":["post-20189","post","type-post","status-publish","format-standard","hentry","category-informaciongeneral"],"_links":{"self":[{"href":"https:\/\/ligamercedina.com\/web\/wp-json\/wp\/v2\/posts\/20189","targetHints":{"allow":["GET"]}}],"collection":[{"href":"https:\/\/ligamercedina.com\/web\/wp-json\/wp\/v2\/posts"}],"about":[{"href":"https:\/\/ligamercedina.com\/web\/wp-json\/wp\/v2\/types\/post"}],"author":[{"embeddable":true,"href":"https:\/\/ligamercedina.com\/web\/wp-json\/wp\/v2\/users\/2"}],"replies":[{"embeddable":true,"href":"https:\/\/ligamercedina.com\/web\/wp-json\/wp\/v2\/comments?post=20189"}],"version-history":[{"count":1,"href":"https:\/\/ligamercedina.com\/web\/wp-json\/wp\/v2\/posts\/20189\/revisions"}],"predecessor-version":[{"id":20190,"href":"https:\/\/ligamercedina.com\/web\/wp-json\/wp\/v2\/posts\/20189\/revisions\/20190"}],"wp:attachment":[{"href":"https:\/\/ligamercedina.com\/web\/wp-json\/wp\/v2\/media?parent=20189"}],"wp:term":[{"taxonomy":"category","embeddable":true,"href":"https:\/\/ligamercedina.com\/web\/wp-json\/wp\/v2\/categories?post=20189"},{"taxonomy":"post_tag","embeddable":true,"href":"https:\/\/ligamercedina.com\/web\/wp-json\/wp\/v2\/tags?post=20189"}],"curies":[{"name":"wp","href":"https:\/\/api.w.org\/{rel}","templated":true}]}}