{"id":20185,"date":"2017-11-03T09:05:41","date_gmt":"2017-11-03T12:05:41","guid":{"rendered":"https:\/\/ligamercedina.com\/web\/?p=20185"},"modified":"2017-11-03T09:06:15","modified_gmt":"2017-11-03T12:06:15","slug":"reserva-resultados-de-la-semana-y-posiciones","status":"publish","type":"post","link":"https:\/\/ligamercedina.com\/web\/reserva-resultados-de-la-semana-y-posiciones\/","title":{"rendered":"RESERVA: RESULTADOS DE LA SEMANA Y POSICIONES"},"content":{"rendered":"<p><strong>QUILMES: -2-<br \/>\nA.M.E.F.I.P.: -3-<\/strong><\/p>\n<p><strong>JUVENTUD: -2-<br \/>\nCOSTA BRAVA: -0-<\/strong><\/p>\n<p><strong>ATENEO: -0-<br \/>\nEL FRONTON: -2-<\/strong><\/p>\n<p><strong>COMUNICACIONES: -4-<br \/>\nVELEZ SARSFIELD: -2-<\/strong><\/p>\n<p>* Durante el transcurso de la pr\u00f3xima semana se jugar\u00e1n otros de los partidos que est\u00e1n postergados<\/p>\n<p><a href=\"https:\/\/ligamercedina.com\/web\/wp-content\/uploads\/2017\/11\/ressss.jpg\"><img loading=\"lazy\" decoding=\"async\" src=\"https:\/\/ligamercedina.com\/web\/wp-content\/uploads\/2017\/11\/ressss.jpg\" alt=\"\" width=\"552\" height=\"563\" class=\"aligncenter size-full wp-image-20186\" srcset=\"https:\/\/ligamercedina.com\/web\/wp-content\/uploads\/2017\/11\/ressss.jpg 552w, https:\/\/ligamercedina.com\/web\/wp-content\/uploads\/2017\/11\/ressss-294x300.jpg 294w, https:\/\/ligamercedina.com\/web\/wp-content\/uploads\/2017\/11\/ressss-75x75.jpg 75w\" sizes=\"auto, (max-width: 552px) 100vw, 552px\" \/><\/a><\/p>\n<blockquote><p><strong>PARTIDOS PENDIENTES<\/strong><\/p><\/blockquote>\n<p>(Sujetos a revisi\u00f3n) \u2013 <\/p>\n<p>Mercedes \u2013 Quilmes (Fecha 5)<br \/>\nJuventud \u2013 Uni\u00f3n (Fecha 5)<br \/>\nJuventud \u2013 AMEFIP (Fecha 7)<br \/>\nCosta Brava \u2013 Trocha (Fecha 9)<br \/>\nComunicaciones \u2013 Atl\u00e9tico Marcos Paz (Fecha 10)<br \/>\nTrocha \u2013 Palometas (Fecha 10)<br \/>\nTim\u00f3n \u2013 Costa Brava (Fecha 10)<br \/>\nMercedes \u2013 Estudiantes (Fecha 10)<br \/>\nFront\u00f3n \u2013 V\u00e9lez (Fecha 10)<br \/>\nUni\u00f3n \u2013 Ateneo (Fecha 10)<br \/>\nTrocha \u2013 Defensores (Fecha 12)<br \/>\nTim\u00f3n \u2013 Atletico Marcos Paz (Fecha 12)<br \/>\nMercedes \u2013 Palometas (Fecha 12)<br \/>\nQuilmes \u2013 V\u00e9lez (Fecha 12)<br \/>\nAMEFIP \u2013 ATENEO (Fecha 12)<br \/>\nUni\u00f3n \u2013 Pabell\u00f3n Argentino (Fecha 12)<br \/>\nAtl\u00e9tico Marcos Paz \u2013 Mercedes (Fecha 13)<\/p>\n","protected":false},"excerpt":{"rendered":"<p>QUILMES: -2- A.M.E.F.I.P.: -3- JUVENTUD: -2- COSTA BRAVA: -0- ATENEO: -0- EL FRONTON: -2- COMUNICACIONES: -4- VELEZ SARSFIELD: -2- * Durante el transcurso de la pr\u00f3xima semana se jugar\u00e1n otros de los partidos que est\u00e1n postergados PARTIDOS PENDIENTES (Sujetos a revisi\u00f3n) \u2013 Mercedes \u2013 Quilmes (Fecha 5) Juventud \u2013 Uni\u00f3n (Fecha 5) Juventud \u2013 AMEFIP (Fecha 7) Costa Brava \u2013<\/p>\n","protected":false},"author":2,"featured_media":0,"comment_status":"open","ping_status":"open","sticky":false,"template":"","format":"standard","meta":{"footnotes":""},"categories":[4],"tags":[],"class_list":["post-20185","post","type-post","status-publish","format-standard","hentry","category-informaciongeneral"],"_links":{"self":[{"href":"https:\/\/ligamercedina.com\/web\/wp-json\/wp\/v2\/posts\/20185","targetHints":{"allow":["GET"]}}],"collection":[{"href":"https:\/\/ligamercedina.com\/web\/wp-json\/wp\/v2\/posts"}],"about":[{"href":"https:\/\/ligamercedina.com\/web\/wp-json\/wp\/v2\/types\/post"}],"author":[{"embeddable":true,"href":"https:\/\/ligamercedina.com\/web\/wp-json\/wp\/v2\/users\/2"}],"replies":[{"embeddable":true,"href":"https:\/\/ligamercedina.com\/web\/wp-json\/wp\/v2\/comments?post=20185"}],"version-history":[{"count":2,"href":"https:\/\/ligamercedina.com\/web\/wp-json\/wp\/v2\/posts\/20185\/revisions"}],"predecessor-version":[{"id":20188,"href":"https:\/\/ligamercedina.com\/web\/wp-json\/wp\/v2\/posts\/20185\/revisions\/20188"}],"wp:attachment":[{"href":"https:\/\/ligamercedina.com\/web\/wp-json\/wp\/v2\/media?parent=20185"}],"wp:term":[{"taxonomy":"category","embeddable":true,"href":"https:\/\/ligamercedina.com\/web\/wp-json\/wp\/v2\/categories?post=20185"},{"taxonomy":"post_tag","embeddable":true,"href":"https:\/\/ligamercedina.com\/web\/wp-json\/wp\/v2\/tags?post=20185"}],"curies":[{"name":"wp","href":"https:\/\/api.w.org\/{rel}","templated":true}]}}