{"id":20152,"date":"2017-10-30T18:05:58","date_gmt":"2017-10-30T21:05:58","guid":{"rendered":"https:\/\/ligamercedina.com\/web\/?p=20152"},"modified":"2017-10-30T18:05:58","modified_gmt":"2017-10-30T21:05:58","slug":"horarios-para-el-fin-de-semana-144","status":"publish","type":"post","link":"https:\/\/ligamercedina.com\/web\/horarios-para-el-fin-de-semana-144\/","title":{"rendered":"HORARIOS PARA EL FIN DE SEMANA"},"content":{"rendered":"<blockquote><p><strong>Se informa que ma\u00f1ana martes por la noche se dar\u00e1n a conocer los horarios de los partidos para el pr\u00f3ximo fin de semana en todas las divisiones. Ante esto, para el F\u00fatbol Infanto &#8211; Juvenil se indica que aquellas instituciones que acuerden cambios en el orden de partidos o adelanto de partidos, deber\u00e1n hacer la comunicaci\u00f3n v\u00eda mail a la direcci\u00f3n oficial de la Liga, antes de las 14 horas del mismo martes. En ambos casos, las instituciones involucradas deber\u00e1n mostrar la conformidad de manera fehaciente, de lo contrario, la comunicaci\u00f3n oficial y convocatoria de \u00e1rbitros se dar\u00e1 en relaci\u00f3n a los ya fijados para la temporada.<\/p>\n<p>En el caso de Primera y Reserva se jugar\u00e1n los partidos suspendidos durante el fin de semana, a la vez que se aprovechar\u00e1 para tambi\u00e9n programar partidos pendientes de Reserva.<\/strong><\/p><\/blockquote>\n","protected":false},"excerpt":{"rendered":"<p>Se informa que ma\u00f1ana martes por la noche se dar\u00e1n a conocer los horarios de los partidos para el pr\u00f3ximo fin de semana en todas las divisiones. Ante esto, para el F\u00fatbol Infanto &#8211; Juvenil se indica que aquellas instituciones que acuerden cambios en el orden de partidos o adelanto de partidos, deber\u00e1n hacer la comunicaci\u00f3n v\u00eda mail a la<\/p>\n","protected":false},"author":2,"featured_media":0,"comment_status":"open","ping_status":"open","sticky":false,"template":"","format":"standard","meta":{"footnotes":""},"categories":[4],"tags":[],"class_list":["post-20152","post","type-post","status-publish","format-standard","hentry","category-informaciongeneral"],"_links":{"self":[{"href":"https:\/\/ligamercedina.com\/web\/wp-json\/wp\/v2\/posts\/20152","targetHints":{"allow":["GET"]}}],"collection":[{"href":"https:\/\/ligamercedina.com\/web\/wp-json\/wp\/v2\/posts"}],"about":[{"href":"https:\/\/ligamercedina.com\/web\/wp-json\/wp\/v2\/types\/post"}],"author":[{"embeddable":true,"href":"https:\/\/ligamercedina.com\/web\/wp-json\/wp\/v2\/users\/2"}],"replies":[{"embeddable":true,"href":"https:\/\/ligamercedina.com\/web\/wp-json\/wp\/v2\/comments?post=20152"}],"version-history":[{"count":1,"href":"https:\/\/ligamercedina.com\/web\/wp-json\/wp\/v2\/posts\/20152\/revisions"}],"predecessor-version":[{"id":20153,"href":"https:\/\/ligamercedina.com\/web\/wp-json\/wp\/v2\/posts\/20152\/revisions\/20153"}],"wp:attachment":[{"href":"https:\/\/ligamercedina.com\/web\/wp-json\/wp\/v2\/media?parent=20152"}],"wp:term":[{"taxonomy":"category","embeddable":true,"href":"https:\/\/ligamercedina.com\/web\/wp-json\/wp\/v2\/categories?post=20152"},{"taxonomy":"post_tag","embeddable":true,"href":"https:\/\/ligamercedina.com\/web\/wp-json\/wp\/v2\/tags?post=20152"}],"curies":[{"name":"wp","href":"https:\/\/api.w.org\/{rel}","templated":true}]}}