{"id":20074,"date":"2017-10-23T22:06:17","date_gmt":"2017-10-24T01:06:17","guid":{"rendered":"https:\/\/ligamercedina.com\/web\/?p=20074"},"modified":"2017-10-26T19:07:24","modified_gmt":"2017-10-26T22:07:24","slug":"horarios-para-el-fin-de-semana-143","status":"publish","type":"post","link":"https:\/\/ligamercedina.com\/web\/horarios-para-el-fin-de-semana-143\/","title":{"rendered":"HORARIOS PARA EL FIN DE SEMANA"},"content":{"rendered":"<blockquote><p><strong>PRIMERA DIVISION<\/strong><\/p><\/blockquote>\n<p><em><strong>S\u00e1bado 28 de octubre, cancha Liga Mercedina<\/strong><\/em><br \/>\n16:00 hs. Defensores Vs. Juventud<br \/>\n18:00 hs. Comunicaciones Vs. Mercedes<\/p>\n<p><em><strong>Domingo 29 de octubre, cancha Liga Mercedina<\/strong><\/em><br \/>\n14:00 hs. A.M.E.F.I.P. Vs. Estudiantes<br \/>\n16:00 hs. El Tim\u00f3n Vs. Trocha<\/p>\n<p><em><strong>Domingo 29 de octubre, cancha Pabell\u00f3n Argentino<\/strong><\/em><br \/>\n14:30 hs. Pabell\u00f3n Argentino Vs. Ateneo<\/p>\n<p><em><strong>Domingo 29 de octubre, cancha Atl\u00e9tico Marcos Paz<\/strong><\/em><br \/>\n16:00 hs. Atl\u00e9tico Marcos Paz Vs. El Front\u00f3n<\/p>\n<p>Costa Brava Vs. Quilmes<br \/>\nPor realizarse s\u00e1bado y domingo una fiesta de la ciudad de Suipacha la polic\u00eda no brinda servicio, e insolitamente la Comisar\u00eda de Suipacha adelant\u00f3 a dirigentes de Costa Brava que tampoco podr\u00e1 dar cobertura los d\u00edas lunes y martes.<\/p>\n<blockquote><p><strong>RESERVA<\/strong><\/p><\/blockquote>\n<p><em><strong>S\u00e1bado 28 de octubre, cancha Quilmes<\/strong><\/em><br \/>\n13:00 hs. Comunicaciones Vs. Mercedes<br \/>\n14:45 hs. Uni\u00f3n Vs. Los Palometas<br \/>\n16:30 hs. A.M.E.F.I.P. Vs. Estudiantes<\/p>\n<p><em><strong>Domingo 29 de octubre, cancha Liga Mercedina<\/strong><\/em><br \/>\n18:00 hs. El Tim\u00f3n Vs. Trocha<\/p>\n<p><em><strong>Postergado<\/strong><\/em><br \/>\nDefensores Vs. Juventud<\/p>\n<p><em><strong>Domingo 29 de octubre, cancha Atl\u00e9tico Marcos Paz<\/strong><\/em><br \/>\n14:00 hs. Atl\u00e9tico Marcos Paz Vs. El Front\u00f3n<\/p>\n<p><em><strong>Domingo 29 de octubre, cancha Pabell\u00f3n Argentino<\/strong><\/em><br \/>\n16:30 hs. Pabell\u00f3n Argentino Vs. Ateneo<\/p>\n<blockquote><p><strong>INFANTIL<\/strong><\/p><\/blockquote>\n<p>Uni\u00f3n Vs. Ateneo, Mercedes Vs. Estudiantes, El Front\u00f3n Vs. Defensores, Comunicaciones Vs. Quilmes, Los Vascos Vs. Juventud, Palometas Vs. Mercedes \u00abA\u00bb,<br \/>\n13:00 hs. Categor\u00eda Promocional<br \/>\n14:00 hs. Categor\u00eda 2008<br \/>\n15:00 hs. Categor\u00eda 2007<br \/>\n16:00 hs. Categor\u00eda 2006<\/p>\n<blockquote><p><strong>JUVENIL<\/strong><\/p><\/blockquote>\n<p>Mercedes Vs. Estudiantes, El Front\u00f3n Vs. Defensores.<br \/>\n11:00 hs. Categor\u00eda 2003<br \/>\n12:15 hs. Categor\u00eda 2004<br \/>\n13:30 hs. Categor\u00eda 2005<br \/>\n14:45 hs. Categor\u00eda 2002<br \/>\n16:00 hs. Categor\u00eda 5\u00aa<\/p>\n<p>Comunicaciones Vs. Quilmes.<br \/>\n12:15 hs. Categor\u00eda 2004<br \/>\n13:30 hs. Categor\u00eda 2005<br \/>\n14:45 hs. Categor\u00eda 2002<br \/>\n16:00 hs. Categor\u00eda 5\u00aa<br \/>\nPostergado Categor\u00eda 2003<\/p>\n<p>Uni\u00f3n Vs. Ateneo<br \/>\n12:00 hs. Categor\u00eda 2004<br \/>\n13:15 hs. Categor\u00eda 2005<br \/>\n14:30 hs. Categor\u00eda 2002<br \/>\n15:45 hs. Categor\u00eda 5\u00aa<\/p>\n<p>Los Vascos Vs. Juventud<br \/>\n11:00 hs. Categor\u00eda 2003<br \/>\n12:15 hs. Categor\u00eda 2004<br \/>\n13:30 hs. Categor\u00eda 2005<br \/>\n14:45 hs. Categor\u00eda 2002<\/p>\n<p>Palometas Vs. Mercedes \u00abA\u00bb,<br \/>\n12:00 hs. Categor\u00eda 2003<br \/>\n13:15 hs. Categor\u00eda 2004<br \/>\n14:30 hs. Categor\u00eda 2005<br \/>\n15:45 hs. Categor\u00eda 2002<\/p>\n<p>Pabell\u00f3n Argentino Vs. V\u00e9lez Sarsfield<br \/>\n11:00 hs. Categor\u00eda 2003<br \/>\n12:15 hs. Categor\u00eda 2004<br \/>\n13:30 hs. Categor\u00eda 2005<br \/>\n14:45 hs. Categor\u00eda 2002<br \/>\n16:00 hs. Categor\u00eda 5\u00aa<\/p>\n","protected":false},"excerpt":{"rendered":"<p>PRIMERA DIVISION S\u00e1bado 28 de octubre, cancha Liga Mercedina 16:00 hs. Defensores Vs. Juventud 18:00 hs. Comunicaciones Vs. Mercedes Domingo 29 de octubre, cancha Liga Mercedina 14:00 hs. A.M.E.F.I.P. Vs. Estudiantes 16:00 hs. El Tim\u00f3n Vs. Trocha Domingo 29 de octubre, cancha Pabell\u00f3n Argentino 14:30 hs. Pabell\u00f3n Argentino Vs. Ateneo Domingo 29 de octubre, cancha Atl\u00e9tico Marcos Paz 16:00 hs.<\/p>\n","protected":false},"author":2,"featured_media":0,"comment_status":"open","ping_status":"open","sticky":false,"template":"","format":"standard","meta":{"footnotes":""},"categories":[4],"tags":[],"class_list":["post-20074","post","type-post","status-publish","format-standard","hentry","category-informaciongeneral"],"_links":{"self":[{"href":"https:\/\/ligamercedina.com\/web\/wp-json\/wp\/v2\/posts\/20074","targetHints":{"allow":["GET"]}}],"collection":[{"href":"https:\/\/ligamercedina.com\/web\/wp-json\/wp\/v2\/posts"}],"about":[{"href":"https:\/\/ligamercedina.com\/web\/wp-json\/wp\/v2\/types\/post"}],"author":[{"embeddable":true,"href":"https:\/\/ligamercedina.com\/web\/wp-json\/wp\/v2\/users\/2"}],"replies":[{"embeddable":true,"href":"https:\/\/ligamercedina.com\/web\/wp-json\/wp\/v2\/comments?post=20074"}],"version-history":[{"count":7,"href":"https:\/\/ligamercedina.com\/web\/wp-json\/wp\/v2\/posts\/20074\/revisions"}],"predecessor-version":[{"id":20095,"href":"https:\/\/ligamercedina.com\/web\/wp-json\/wp\/v2\/posts\/20074\/revisions\/20095"}],"wp:attachment":[{"href":"https:\/\/ligamercedina.com\/web\/wp-json\/wp\/v2\/media?parent=20074"}],"wp:term":[{"taxonomy":"category","embeddable":true,"href":"https:\/\/ligamercedina.com\/web\/wp-json\/wp\/v2\/categories?post=20074"},{"taxonomy":"post_tag","embeddable":true,"href":"https:\/\/ligamercedina.com\/web\/wp-json\/wp\/v2\/tags?post=20074"}],"curies":[{"name":"wp","href":"https:\/\/api.w.org\/{rel}","templated":true}]}}