{"id":200,"date":"2007-08-22T13:06:28","date_gmt":"2007-08-22T16:06:28","guid":{"rendered":"https:\/\/ligamercedina.com\/?p=200"},"modified":"2007-08-22T13:06:28","modified_gmt":"2007-08-22T16:06:28","slug":"adhesion-de-la-liga-por-el-fallecimiento-del-hijo-de-dirigente-de-la-federacion-norte","status":"publish","type":"post","link":"https:\/\/ligamercedina.com\/web\/adhesion-de-la-liga-por-el-fallecimiento-del-hijo-de-dirigente-de-la-federacion-norte\/","title":{"rendered":"Adhesi\u00f3n de la Liga tras fallecimiento del hijo de dirigente de la Federaci\u00f3n Norte"},"content":{"rendered":"<p><strong>La Liga Mercedina de F\u00fatbol muestra su pesar por el fallcimiento de Gonzalo Alcob\u00e9, hijo de Eduardo Alcob\u00e9, ex Presidente de la Liga de Rojas y actual dirigente de la Federaci\u00f3n Norte de F\u00fatbol.<br \/>\nGonzalo Alcob\u00e9, de 24 a\u00f1osperdi\u00f3 la vida en la ma\u00f1ana del domingo en forma instant\u00e1nea cuando el autom\u00f3vil que conduc\u00eda choc\u00f3 en la ruta 188 cerca de la avenida Pellegrini, en las proximidades de Pergamino, contra la camioneta Ford F100 que en sentido contrario conduc\u00eda por otro rojense, H\u00e9ctor Arrem\u00f3n, a quien acompa\u00f1aba su esposa e hijo de 18 meses, quienes resultaron ilesos.<br \/>\nEl lunes por la ma\u00f1ana fueron inhumados los restos de Gonzalo Alcob\u00e9 en el cementerio de su ciudad.<\/strong><\/p>\n","protected":false},"excerpt":{"rendered":"<p>La Liga Mercedina de F\u00fatbol muestra su pesar por el fallcimiento de Gonzalo Alcob\u00e9, hijo de Eduardo Alcob\u00e9, ex Presidente de la Liga de Rojas y actual dirigente de la Federaci\u00f3n Norte de F\u00fatbol. Gonzalo Alcob\u00e9, de 24 a\u00f1osperdi\u00f3 la vida en la ma\u00f1ana del domingo en forma instant\u00e1nea cuando el autom\u00f3vil que conduc\u00eda choc\u00f3 en la ruta 188 cerca<\/p>\n","protected":false},"author":1,"featured_media":0,"comment_status":"open","ping_status":"open","sticky":false,"template":"","format":"standard","meta":{"footnotes":""},"categories":[4],"tags":[],"class_list":["post-200","post","type-post","status-publish","format-standard","hentry","category-informaciongeneral"],"_links":{"self":[{"href":"https:\/\/ligamercedina.com\/web\/wp-json\/wp\/v2\/posts\/200","targetHints":{"allow":["GET"]}}],"collection":[{"href":"https:\/\/ligamercedina.com\/web\/wp-json\/wp\/v2\/posts"}],"about":[{"href":"https:\/\/ligamercedina.com\/web\/wp-json\/wp\/v2\/types\/post"}],"author":[{"embeddable":true,"href":"https:\/\/ligamercedina.com\/web\/wp-json\/wp\/v2\/users\/1"}],"replies":[{"embeddable":true,"href":"https:\/\/ligamercedina.com\/web\/wp-json\/wp\/v2\/comments?post=200"}],"version-history":[{"count":0,"href":"https:\/\/ligamercedina.com\/web\/wp-json\/wp\/v2\/posts\/200\/revisions"}],"wp:attachment":[{"href":"https:\/\/ligamercedina.com\/web\/wp-json\/wp\/v2\/media?parent=200"}],"wp:term":[{"taxonomy":"category","embeddable":true,"href":"https:\/\/ligamercedina.com\/web\/wp-json\/wp\/v2\/categories?post=200"},{"taxonomy":"post_tag","embeddable":true,"href":"https:\/\/ligamercedina.com\/web\/wp-json\/wp\/v2\/tags?post=200"}],"curies":[{"name":"wp","href":"https:\/\/api.w.org\/{rel}","templated":true}]}}