{"id":1990,"date":"2009-08-22T00:33:05","date_gmt":"2009-08-22T03:33:05","guid":{"rendered":"https:\/\/ligamercedina.com\/?p=1990"},"modified":"2009-08-22T00:33:05","modified_gmt":"2009-08-22T03:33:05","slug":"resultados-del-futbol-infantil-10","status":"publish","type":"post","link":"https:\/\/ligamercedina.com\/web\/resultados-del-futbol-infantil-10\/","title":{"rendered":"RESULTADOS DEL FUTBOL INFANTIL"},"content":{"rendered":"<p><strong>ATENEO VS. EL FRONTON<\/strong><br \/>\nCategor\u00eda 2000: <strong>1<\/strong> (Facundo Godoy) &#8211; <strong>1<\/strong> (Nicol\u00e1s Ar\u00e9valo)<!--more--><br \/>\nCategor\u00eda 99: <strong>2<\/strong> (Francisco Delvento y Joaqu\u00edn Vega) &#8211; <strong>0<\/strong><br \/>\nCategor\u00eda 98: 0 &#8211; 1 (Alfonso Yacoy)<br \/>\nCategor\u00eda 97: <strong>2<\/strong> (Santiago Cendoya y Francisco Uncal) &#8211; <strong>1<\/strong> (Mat\u00edas Casas)<br \/>\nCategor\u00eda 96: <strong>0 &#8211; 3<\/strong> (Franco Bianchi, Joaqu\u00edn Botana y Federico Cazaubon)<br \/>\nCategor\u00eda 95: <strong>0 &#8211; 4<\/strong> (Lucas Gaztelu, Fernando Golini, Gonzalo Morada y Ariel Romero)<br \/>\nCategor\u00eda 94: <strong>1<\/strong> (Patricio Nacimiento) &#8211; <strong>4<\/strong> (Pedro Gussoni, Francisco Lennard, Fabi\u00e1n Monti y Blas Tallarico)<br \/>\nCategor\u00eda 93-92: <strong>0 &#8211; 2<\/strong> (Jos\u00e9 Mansilla y Francisco Ponchione)<\/p>\n<p><strong>ESTUDIANTES VS. VELEZ SARSFIELD<\/strong><br \/>\nCategor\u00eda 2000: <strong>2<\/strong> (Camilo Corrado y Facundo Hoare) &#8211; <strong>2<\/strong> (Agust\u00edn Alfonso y Eduardo Carrizo)<br \/>\nCategor\u00eda 99: <strong>2<\/strong> (Ger\u00f3nimo Miratta y Siro Poggio) &#8211; <strong>1<\/strong> (Pedro Contreras)<br \/>\nCategor\u00eda 98: <strong>0 &#8211; 0<\/strong><br \/>\nCategor\u00eda 97: <strong>2<\/strong> (Mat\u00edas Alfonso y Agust\u00edn Uviz) &#8211; <strong>3<\/strong> (Jorge Cardoso, Gustavo Lucero y Ramiro Roa)<br \/>\nCategor\u00eda 96: <strong>0 &#8211; 4<\/strong> (Iv\u00e1n Quevedo, Nicol\u00e1s Ram\u00edrez 2 y Nahuel Guerra)<br \/>\nCategor\u00eda 95: <strong>3<\/strong> (Lucas Blanco, Carlos Dubertti y Gonzalo Virto) &#8211; <strong>1<\/strong> (Braian C\u00f3rdoba)<br \/>\nCategor\u00eda 94: <strong>0 &#8211; 3<\/strong> (Braian Escudero, Maximiliano Porticella y Ramiro V\u00e1zquez)<br \/>\nCategor\u00eda 93-92: <strong>1<\/strong> (Nicol\u00e1s Ledesma) &#8211; <strong>5<\/strong> (Blas Cobucho, Diego Dubertti 2, Lucas Lofreda y Emiliano Ort\u00edz)<\/p>\n<p><strong>JUVENTUD VS. MERCEDES<\/strong><br \/>\nCategor\u00eda 2000: <strong>0 &#8211; 0<\/strong><br \/>\nCategor\u00eda 99: <strong>1<\/strong> (Edgardo Su\u00e1rez) &#8211; <strong>1<\/strong> (Santiago Sosa)<br \/>\nCategor\u00eda 98: <strong>1<\/strong> (Santiago Flynn) &#8211; <strong>0<\/strong><br \/>\nCategor\u00eda 97: <strong>0 &#8211; 3<\/strong> (Marcos Cagnone y Luis D\u00edaz 2)<br \/>\nCategor\u00eda 96: <strong>1<\/strong> (Braian Far\u00edas) &#8211; <strong>0<\/strong><br \/>\nCategor\u00eda 95: <strong>2<\/strong> (Lucas Hunt 2) &#8211; <strong>2<\/strong> (Germ\u00e1n Puliti y Lucas Puliti)<br \/>\nCategor\u00eda 94: <strong>1<\/strong> (Augusto Rachi) &#8211; <strong>4<\/strong> (Mat\u00edas Baiardi y Nicol\u00e1s Bertaina 3)<br \/>\nCategor\u00eda 93-92: <strong>1<\/strong> (Rodrigo Cabrera) &#8211; <strong>3<\/strong> (Mat\u00edas Meriles 2 y Braian R\u00edos)<\/p>\n<p><strong>COMUNICACIONES VS. QUILMES<\/strong><br \/>\nCategor\u00eda 2000: <strong>1<\/strong> (Bruno Ibaldi) &#8211; <strong>1<\/strong> (Mart\u00edn Vega)<br \/>\nCategor\u00eda 99: <strong>1<\/strong> (Mat\u00edas Carusi) &#8211; <strong>1<\/strong> (Juli\u00e1n G\u00f3mez)<br \/>\nCategor\u00eda 98: 1 (Tob\u00edas Sim\u00f3n) &#8211; 1 (Joaqu\u00edn Ponti)<br \/>\nCategor\u00eda 97: <strong>1<\/strong> (Juan Torres) &#8211; <strong>0<\/strong><br \/>\nCategor\u00eda 96: <strong>1<\/strong> (Gabriel Maldonado) &#8211; <strong>2<\/strong> (Maximiliano Dorado y Lucas Mollo)<br \/>\nCategor\u00eda 95: <strong>2<\/strong> (Mart\u00edn Torres 2) &#8211; <strong>4<\/strong> (Jorge Godoy, Franco Gonz\u00e1lez, Ramiro Marenco y Tom\u00e1s L\u00f3pez)<br \/>\nCategor\u00eda 94: <strong>1<\/strong> (Jorge Garabello) &#8211; <strong>3<\/strong> (Sebasti\u00e1n Casco, Gustavo L\u00f3pez y Agust\u00edn Rodr\u00edguez)<br \/>\n* Partido suspendido a los 15 ST por agresi\u00f3n al \u00e1rbitro<br \/>\nCategor\u00eda 93-92: <strong>1<\/strong> (Mariano Brehinier) &#8211; <strong>2<\/strong> (Camilo G\u00f3mez y Lucas Ponti)<\/p>\n<p><strong>MERCEDES \u00abA\u00bb VS. UNION<\/strong><br \/>\nCategor\u00eda 2000: <strong>2<\/strong> (Carlos Mallorqu\u00edn 2) &#8211; <strong>0<\/strong><br \/>\nCategor\u00eda 99: <strong>0 &#8211; o<\/strong><br \/>\nCategor\u00eda 98: <strong>1<\/strong> (Franco Trofelli) &#8211; <strong>0<\/strong><br \/>\nCategor\u00eda 97: <strong>1<\/strong> (Federico Mansilla) &#8211; <strong>2<\/strong> (Angel Silva y Lucas Ch\u00e1vez)<\/p>\n","protected":false},"excerpt":{"rendered":"<p>ATENEO VS. EL FRONTON Categor\u00eda 2000: 1 (Facundo Godoy) &#8211; 1 (Nicol\u00e1s Ar\u00e9valo)<\/p>\n","protected":false},"author":1,"featured_media":0,"comment_status":"open","ping_status":"open","sticky":false,"template":"","format":"standard","meta":{"footnotes":""},"categories":[4],"tags":[],"class_list":["post-1990","post","type-post","status-publish","format-standard","hentry","category-informaciongeneral"],"_links":{"self":[{"href":"https:\/\/ligamercedina.com\/web\/wp-json\/wp\/v2\/posts\/1990","targetHints":{"allow":["GET"]}}],"collection":[{"href":"https:\/\/ligamercedina.com\/web\/wp-json\/wp\/v2\/posts"}],"about":[{"href":"https:\/\/ligamercedina.com\/web\/wp-json\/wp\/v2\/types\/post"}],"author":[{"embeddable":true,"href":"https:\/\/ligamercedina.com\/web\/wp-json\/wp\/v2\/users\/1"}],"replies":[{"embeddable":true,"href":"https:\/\/ligamercedina.com\/web\/wp-json\/wp\/v2\/comments?post=1990"}],"version-history":[{"count":12,"href":"https:\/\/ligamercedina.com\/web\/wp-json\/wp\/v2\/posts\/1990\/revisions"}],"predecessor-version":[{"id":2006,"href":"https:\/\/ligamercedina.com\/web\/wp-json\/wp\/v2\/posts\/1990\/revisions\/2006"}],"wp:attachment":[{"href":"https:\/\/ligamercedina.com\/web\/wp-json\/wp\/v2\/media?parent=1990"}],"wp:term":[{"taxonomy":"category","embeddable":true,"href":"https:\/\/ligamercedina.com\/web\/wp-json\/wp\/v2\/categories?post=1990"},{"taxonomy":"post_tag","embeddable":true,"href":"https:\/\/ligamercedina.com\/web\/wp-json\/wp\/v2\/tags?post=1990"}],"curies":[{"name":"wp","href":"https:\/\/api.w.org\/{rel}","templated":true}]}}