{"id":19718,"date":"2017-09-12T23:33:52","date_gmt":"2017-09-13T02:33:52","guid":{"rendered":"https:\/\/ligamercedina.com\/web\/?p=19718"},"modified":"2017-09-13T21:38:47","modified_gmt":"2017-09-14T00:38:47","slug":"primera-reserva-horarios-para-el-fin-de-semana-4","status":"publish","type":"post","link":"https:\/\/ligamercedina.com\/web\/primera-reserva-horarios-para-el-fin-de-semana-4\/","title":{"rendered":"PRIMERA-RESERVA: HORARIOS PARA EL FIN DE SEMANA"},"content":{"rendered":"<blockquote><p><strong>PRIMERA DIVISION<\/strong><\/p><\/blockquote>\n<p><em><strong>S\u00e1bado 16 de septiembre, cancha Liga Mercedina<\/strong><\/em><br \/>\n14:00 hs. Quilmes Vs. El Front\u00f3n<br \/>\n16:00 hs. V\u00e9lez Sarsfield Vs. El Tim\u00f3n<br \/>\n18:00 hs. Estudiantes Vs. Comunicaciones <\/p>\n<p><em><strong>S\u00e1bado 16 de septiembre, cancha Pabell\u00f3n Argentino<\/strong><\/em><br \/>\n13:30 hs. Pabell\u00f3n Argentino Vs. Trocha<\/p>\n<p><em><strong>Domingo 17 de septiembre, cancha Liga Mercedina<\/strong><\/em><br \/>\n13:00 hs. A.M.E.F.I.P. Vs. Juventud<br \/>\n15:00 hs. Palometas Vs. Atl\u00e9tico Marcos Paz <\/p>\n<p><em><strong>Domingo 17 de septiembre, cancha Costa Brava<\/strong><\/em><br \/>\n15:30 hs. Costa Brava Vs. Defensores<\/p>\n<p><em><strong>Lunes 18 de septiembre, cancha Liga Mercedina<\/strong><\/em><br \/>\n20:15 hs. Ateneo Vs. Mercedes (45 minutos restantes)<\/p>\n<blockquote><p><strong>RESERVA<\/strong><\/p><\/blockquote>\n<p><em><strong>S\u00e1bado 16 de septiembre, cancha V\u00e9lez<\/strong><\/em><br \/>\n13:00 hs. V\u00e9lez Vs. El Tim\u00f3n<br \/>\n14:15 hs. Estudiantes Vs. Comunicaciones<br \/>\n16:30 hs. Quilmes Vs. El Front\u00f3n<\/p>\n<p><em><strong>S\u00e1bado 16 de septiembre, cancha Pabell\u00f3n Argentino<\/strong><\/em><br \/>\n15:30 hs. Pabell\u00f3n Argentino Vs. Trocha<\/p>\n<p><em><strong>Domingo 17 de septiembre, cancha Ateneo<\/strong><\/em><br \/>\n12:45 hs. Palometas Vs. Atl\u00e9tico Marcos Paz<br \/>\n15:30 hs. Ateneo Vs. Mercedes<\/p>\n<p><em><strong>Domingo 17 de septiembre, cancha Quilmes<\/strong><\/em><br \/>\n16:00 hs. A.M.E.F.I.P. Vs. Juventud<\/p>\n<p><em><strong>Domingo 17 de septiembre, cancha Costa Brava<\/strong><\/em><br \/>\n13:30 hs. Costa Brava Vs. Defensores<\/p>\n","protected":false},"excerpt":{"rendered":"<p>PRIMERA DIVISION S\u00e1bado 16 de septiembre, cancha Liga Mercedina 14:00 hs. Quilmes Vs. El Front\u00f3n 16:00 hs. V\u00e9lez Sarsfield Vs. El Tim\u00f3n 18:00 hs. Estudiantes Vs. Comunicaciones S\u00e1bado 16 de septiembre, cancha Pabell\u00f3n Argentino 13:30 hs. Pabell\u00f3n Argentino Vs. Trocha Domingo 17 de septiembre, cancha Liga Mercedina 13:00 hs. A.M.E.F.I.P. Vs. Juventud 15:00 hs. Palometas Vs. Atl\u00e9tico Marcos Paz Domingo<\/p>\n","protected":false},"author":2,"featured_media":0,"comment_status":"open","ping_status":"open","sticky":false,"template":"","format":"standard","meta":{"footnotes":""},"categories":[4],"tags":[],"class_list":["post-19718","post","type-post","status-publish","format-standard","hentry","category-informaciongeneral"],"_links":{"self":[{"href":"https:\/\/ligamercedina.com\/web\/wp-json\/wp\/v2\/posts\/19718","targetHints":{"allow":["GET"]}}],"collection":[{"href":"https:\/\/ligamercedina.com\/web\/wp-json\/wp\/v2\/posts"}],"about":[{"href":"https:\/\/ligamercedina.com\/web\/wp-json\/wp\/v2\/types\/post"}],"author":[{"embeddable":true,"href":"https:\/\/ligamercedina.com\/web\/wp-json\/wp\/v2\/users\/2"}],"replies":[{"embeddable":true,"href":"https:\/\/ligamercedina.com\/web\/wp-json\/wp\/v2\/comments?post=19718"}],"version-history":[{"count":4,"href":"https:\/\/ligamercedina.com\/web\/wp-json\/wp\/v2\/posts\/19718\/revisions"}],"predecessor-version":[{"id":19722,"href":"https:\/\/ligamercedina.com\/web\/wp-json\/wp\/v2\/posts\/19718\/revisions\/19722"}],"wp:attachment":[{"href":"https:\/\/ligamercedina.com\/web\/wp-json\/wp\/v2\/media?parent=19718"}],"wp:term":[{"taxonomy":"category","embeddable":true,"href":"https:\/\/ligamercedina.com\/web\/wp-json\/wp\/v2\/categories?post=19718"},{"taxonomy":"post_tag","embeddable":true,"href":"https:\/\/ligamercedina.com\/web\/wp-json\/wp\/v2\/tags?post=19718"}],"curies":[{"name":"wp","href":"https:\/\/api.w.org\/{rel}","templated":true}]}}