{"id":19693,"date":"2017-09-09T10:41:42","date_gmt":"2017-09-09T13:41:42","guid":{"rendered":"https:\/\/ligamercedina.com\/web\/?p=19693"},"modified":"2017-09-09T18:56:46","modified_gmt":"2017-09-09T21:56:46","slug":"primera-division-que-pasa-con-los-partidos-del-finde","status":"publish","type":"post","link":"https:\/\/ligamercedina.com\/web\/primera-division-que-pasa-con-los-partidos-del-finde\/","title":{"rendered":"PRIMERA DIVISION: \u00bfQUE PASA CON LOS PARTIDOS DEL FINDE?"},"content":{"rendered":"<p><strong>A PARTIR DEL MAL TIEMPO VAMOS ACTUALIZANDO LO QUE SUCEDE CON LA PROGRAMACION DE PARTIDOS<\/strong><\/p>\n<blockquote><p><strong>PRIMERA DIVISION<\/strong><\/p><\/blockquote>\n<p><em><strong>S\u00e1bado 9 de septiembre, cancha Liga Mercedina<\/strong><\/em><br \/>\n14:30 hs. Ateneo Vs. Mercedes -DEFINE ARBITRO EN LA CANCHA-<br \/>\nV\u00e9lez Sarsfield Vs. El Tim\u00f3n -SUSPENDIDO-<br \/>\nEstudiantes Vs. Comunicaciones -SUSPENDIDO-<\/p>\n<p><em><strong>S\u00e1bado 9 de septiembre, cancha Pabell\u00f3n Argentino<\/strong><\/em><br \/>\nPabell\u00f3n Argentino Vs. Trocha &#8211; SUSPENDIDO &#8211;<\/p>\n<p><em><strong>Domingo 10 de septiembre, cancha Liga Mercedina<\/strong><\/em><br \/>\nQuilmes Vs. El Front\u00f3n -SUSPENDIDO-<br \/>\nA.M.E.F.I.P. Vs. Juventud -SUSPENDIDO-<br \/>\nPalometas Vs. Atl\u00e9tico Marcos Paz -SUSPENDIDO- <\/p>\n<p><em><strong>Domingo 10 de septiembre, cancha Costa Brava<\/strong><\/em><br \/>\nCosta Brava Vs. Defensores -SUSPENDIDO- <\/p>\n<blockquote><p><strong>RESERVA<\/strong><\/p><\/blockquote>\n<p><em><strong>S\u00e1bado 9 de septiembre, cancha Ateneo<\/strong><\/em><br \/>\nAteneo Vs. Mercedes &#8211; SUSPENDIDO &#8211;<\/p>\n<p><em><strong>S\u00e1bado 9 de septiembre, cancha V\u00e9lez<\/strong><\/em><br \/>\nV\u00e9lez Vs. El Tim\u00f3n &#8211; SUSPENDIDO &#8211;<br \/>\nEstudiantes Vs. Comunicaciones &#8211; SUSPENDIDO &#8211;<br \/>\nQuilmes Vs. El Front\u00f3n &#8211; SUSPENDIDO &#8211;<\/p>\n<p><em><strong>S\u00e1bado 9 de septiembre, cancha Pabell\u00f3n Argentino<\/strong><\/em><br \/>\nPabell\u00f3n Argentino Vs. Trocha -SUSPENDIDO-<\/p>\n<p><em><strong>Domingo 10 de septiembre, cancha Ateneo<\/strong><\/em><br \/>\nPalometas Vs. Atl\u00e9tico Marcos Paz -SUSPENDIDO-<br \/>\nA.M.E.F.I.P. Vs. Juventud -SUSPENDIDO- <\/p>\n<p><em><strong>Domingo 10 de septiembre, cancha Costa Brava<\/strong><\/em><br \/>\nCosta Brava Vs. Defensores -SUSPENDIDO- <\/p>\n","protected":false},"excerpt":{"rendered":"<p>A PARTIR DEL MAL TIEMPO VAMOS ACTUALIZANDO LO QUE SUCEDE CON LA PROGRAMACION DE PARTIDOS PRIMERA DIVISION S\u00e1bado 9 de septiembre, cancha Liga Mercedina 14:30 hs. Ateneo Vs. Mercedes -DEFINE ARBITRO EN LA CANCHA- V\u00e9lez Sarsfield Vs. El Tim\u00f3n -SUSPENDIDO- Estudiantes Vs. Comunicaciones -SUSPENDIDO- S\u00e1bado 9 de septiembre, cancha Pabell\u00f3n Argentino Pabell\u00f3n Argentino Vs. Trocha &#8211; SUSPENDIDO &#8211; Domingo 10<\/p>\n","protected":false},"author":2,"featured_media":0,"comment_status":"open","ping_status":"open","sticky":false,"template":"","format":"standard","meta":{"footnotes":""},"categories":[4],"tags":[],"class_list":["post-19693","post","type-post","status-publish","format-standard","hentry","category-informaciongeneral"],"_links":{"self":[{"href":"https:\/\/ligamercedina.com\/web\/wp-json\/wp\/v2\/posts\/19693","targetHints":{"allow":["GET"]}}],"collection":[{"href":"https:\/\/ligamercedina.com\/web\/wp-json\/wp\/v2\/posts"}],"about":[{"href":"https:\/\/ligamercedina.com\/web\/wp-json\/wp\/v2\/types\/post"}],"author":[{"embeddable":true,"href":"https:\/\/ligamercedina.com\/web\/wp-json\/wp\/v2\/users\/2"}],"replies":[{"embeddable":true,"href":"https:\/\/ligamercedina.com\/web\/wp-json\/wp\/v2\/comments?post=19693"}],"version-history":[{"count":8,"href":"https:\/\/ligamercedina.com\/web\/wp-json\/wp\/v2\/posts\/19693\/revisions"}],"predecessor-version":[{"id":19702,"href":"https:\/\/ligamercedina.com\/web\/wp-json\/wp\/v2\/posts\/19693\/revisions\/19702"}],"wp:attachment":[{"href":"https:\/\/ligamercedina.com\/web\/wp-json\/wp\/v2\/media?parent=19693"}],"wp:term":[{"taxonomy":"category","embeddable":true,"href":"https:\/\/ligamercedina.com\/web\/wp-json\/wp\/v2\/categories?post=19693"},{"taxonomy":"post_tag","embeddable":true,"href":"https:\/\/ligamercedina.com\/web\/wp-json\/wp\/v2\/tags?post=19693"}],"curies":[{"name":"wp","href":"https:\/\/api.w.org\/{rel}","templated":true}]}}