{"id":196,"date":"2007-08-18T09:09:23","date_gmt":"2007-08-18T12:09:23","guid":{"rendered":"https:\/\/ligamercedina.com\/?p=196"},"modified":"2007-08-18T09:09:23","modified_gmt":"2007-08-18T12:09:23","slug":"convocan-oficialmente-a-dirigentes-para-reunion-a-realizarse-el-martes","status":"publish","type":"post","link":"https:\/\/ligamercedina.com\/web\/convocan-oficialmente-a-dirigentes-para-reunion-a-realizarse-el-martes\/","title":{"rendered":"Convocan oficialmente a dirigentes para reuni\u00f3n a realizarse el martes"},"content":{"rendered":"<p><strong>En ma\u00f1ana de hoy s\u00e1bado, la Liga Mercedina de F\u00fatbol comunic\u00f3 en forma oficial la convocatoria a la reuni\u00f3n a celebrarse el venidero martes.<br \/>\nEl texto es el siguiente:<\/strong><\/p>\n<blockquote><p>Convocamos a todos los se\u00f1ores Presidentes de Clubes afiliados a nuestra Liga Mercedina de F\u00fatbol, a continuar con la reuni\u00f3n pasada a cuarto intermedio para este pr\u00f3ximo martes 21 de agosto a las 19,30 horas en nuestra sede de calle 31 entre 32 y 34 (Club Belgrano), donde se tratar\u00e1n los siguientes temas:<\/p>\n<p><strong>1)<\/strong> Continuar con el tratamiento de la renuncia del presidente electo<br \/>\n<strong>2) <\/strong>Continuidad de los campeonatos de distintas categor\u00edas<br \/>\n<strong>3) <\/strong>Habilitaci\u00f3n de canchas por el COPROCEDE<br \/>\n<strong>4)<\/strong> Otros puntos propuestos por los se\u00f1ores Presidentes o Delegados<\/p>\n<p><strong>Nota:<\/strong> Se solicita a los integrantes de la C.D. de San Marcos F\u00fatbol Club de la ciudad de Marcos Paz, su presencia en la reuni\u00f3n a fin de poder escuchar su versi\u00f3n de los acontecimientos ocurridos el fin de semana pr\u00f3ximo pasado, adem\u00e1s de su posici\u00f3n con respecto a los otros temas a tratar.<\/p>\n<p><em><strong>Rogamos la presencia de todos los clubes afiliados.<\/strong><\/em><\/p>\n<p><strong>Secretar\u00eda<\/strong><\/p><\/blockquote>\n","protected":false},"excerpt":{"rendered":"<p>En ma\u00f1ana de hoy s\u00e1bado, la Liga Mercedina de F\u00fatbol comunic\u00f3 en forma oficial la convocatoria a la reuni\u00f3n a celebrarse el venidero martes. El texto es el siguiente: Convocamos a todos los se\u00f1ores Presidentes de Clubes afiliados a nuestra Liga Mercedina de F\u00fatbol, a continuar con la reuni\u00f3n pasada a cuarto intermedio para este pr\u00f3ximo martes 21 de agosto<\/p>\n","protected":false},"author":1,"featured_media":0,"comment_status":"open","ping_status":"open","sticky":false,"template":"","format":"standard","meta":{"footnotes":""},"categories":[4],"tags":[],"class_list":["post-196","post","type-post","status-publish","format-standard","hentry","category-informaciongeneral"],"_links":{"self":[{"href":"https:\/\/ligamercedina.com\/web\/wp-json\/wp\/v2\/posts\/196","targetHints":{"allow":["GET"]}}],"collection":[{"href":"https:\/\/ligamercedina.com\/web\/wp-json\/wp\/v2\/posts"}],"about":[{"href":"https:\/\/ligamercedina.com\/web\/wp-json\/wp\/v2\/types\/post"}],"author":[{"embeddable":true,"href":"https:\/\/ligamercedina.com\/web\/wp-json\/wp\/v2\/users\/1"}],"replies":[{"embeddable":true,"href":"https:\/\/ligamercedina.com\/web\/wp-json\/wp\/v2\/comments?post=196"}],"version-history":[{"count":0,"href":"https:\/\/ligamercedina.com\/web\/wp-json\/wp\/v2\/posts\/196\/revisions"}],"wp:attachment":[{"href":"https:\/\/ligamercedina.com\/web\/wp-json\/wp\/v2\/media?parent=196"}],"wp:term":[{"taxonomy":"category","embeddable":true,"href":"https:\/\/ligamercedina.com\/web\/wp-json\/wp\/v2\/categories?post=196"},{"taxonomy":"post_tag","embeddable":true,"href":"https:\/\/ligamercedina.com\/web\/wp-json\/wp\/v2\/tags?post=196"}],"curies":[{"name":"wp","href":"https:\/\/api.w.org\/{rel}","templated":true}]}}