{"id":195,"date":"2007-08-16T09:45:16","date_gmt":"2007-08-16T12:45:16","guid":{"rendered":"https:\/\/ligamercedina.com\/?p=195"},"modified":"2007-08-16T09:45:16","modified_gmt":"2007-08-16T12:45:16","slug":"confirman-la-suspension-de-toda-la-actividad-para-el-fin-de-semana","status":"publish","type":"post","link":"https:\/\/ligamercedina.com\/web\/confirman-la-suspension-de-toda-la-actividad-para-el-fin-de-semana\/","title":{"rendered":"CONFIRMAN LA SUSPENSI\u00d3N DE TODA LA ACTIVIDAD PARA EL FIN DE SEMANA"},"content":{"rendered":"<blockquote><p><strong>Tal cual estaba previsto, en la noche de ayer se celebr\u00f3 la reuni\u00f3n en sede de la Liga Mercedina.<br \/>\nAll\u00ed se confirm\u00f3 que el pr\u00f3ximo fin de semana no habr\u00e1 actividad, a la vez que el venidero martes se estar\u00eda realizando un nuevo encuentro de dirigentes, a ra\u00edz de la renuncia presentada en la noche de ayer por el Presidente Mart\u00edn Boragno. En principio, la misma no fue aceptada.<\/strong><\/p><\/blockquote>\n<p><a href=\"http:\/\/www.noticiasmercedinas.com\/070816liga.htm\">LA REUNION DE ANOCHE EN LOS MEDIOS<br \/>\n<\/a><\/p>\n","protected":false},"excerpt":{"rendered":"<p>Tal cual estaba previsto, en la noche de ayer se celebr\u00f3 la reuni\u00f3n en sede de la Liga Mercedina. All\u00ed se confirm\u00f3 que el pr\u00f3ximo fin de semana no habr\u00e1 actividad, a la vez que el venidero martes se estar\u00eda realizando un nuevo encuentro de dirigentes, a ra\u00edz de la renuncia presentada en la noche de ayer por el Presidente<\/p>\n","protected":false},"author":1,"featured_media":0,"comment_status":"open","ping_status":"open","sticky":false,"template":"","format":"standard","meta":{"footnotes":""},"categories":[4],"tags":[],"class_list":["post-195","post","type-post","status-publish","format-standard","hentry","category-informaciongeneral"],"_links":{"self":[{"href":"https:\/\/ligamercedina.com\/web\/wp-json\/wp\/v2\/posts\/195","targetHints":{"allow":["GET"]}}],"collection":[{"href":"https:\/\/ligamercedina.com\/web\/wp-json\/wp\/v2\/posts"}],"about":[{"href":"https:\/\/ligamercedina.com\/web\/wp-json\/wp\/v2\/types\/post"}],"author":[{"embeddable":true,"href":"https:\/\/ligamercedina.com\/web\/wp-json\/wp\/v2\/users\/1"}],"replies":[{"embeddable":true,"href":"https:\/\/ligamercedina.com\/web\/wp-json\/wp\/v2\/comments?post=195"}],"version-history":[{"count":0,"href":"https:\/\/ligamercedina.com\/web\/wp-json\/wp\/v2\/posts\/195\/revisions"}],"wp:attachment":[{"href":"https:\/\/ligamercedina.com\/web\/wp-json\/wp\/v2\/media?parent=195"}],"wp:term":[{"taxonomy":"category","embeddable":true,"href":"https:\/\/ligamercedina.com\/web\/wp-json\/wp\/v2\/categories?post=195"},{"taxonomy":"post_tag","embeddable":true,"href":"https:\/\/ligamercedina.com\/web\/wp-json\/wp\/v2\/tags?post=195"}],"curies":[{"name":"wp","href":"https:\/\/api.w.org\/{rel}","templated":true}]}}