{"id":19459,"date":"2017-08-05T08:04:10","date_gmt":"2017-08-05T11:04:10","guid":{"rendered":"https:\/\/ligamercedina.com\/web\/?p=19459"},"modified":"2017-08-05T08:04:10","modified_gmt":"2017-08-05T11:04:10","slug":"el-sabado-con-la-vuelta-del-futbol-infanto-juvenil","status":"publish","type":"post","link":"https:\/\/ligamercedina.com\/web\/el-sabado-con-la-vuelta-del-futbol-infanto-juvenil\/","title":{"rendered":"EL SABADO CON LA VUELTA DEL FUTBOL INFANTO-JUVENIL"},"content":{"rendered":"<p><a href=\"https:\/\/ligamercedina.com\/web\/wp-content\/uploads\/2017\/08\/DSC07766.jpg\"><img loading=\"lazy\" decoding=\"async\" src=\"https:\/\/ligamercedina.com\/web\/wp-content\/uploads\/2017\/08\/DSC07766-1024x543.jpg\" alt=\"\" width=\"860\" height=\"456\" class=\"aligncenter size-large wp-image-19460\" srcset=\"https:\/\/ligamercedina.com\/web\/wp-content\/uploads\/2017\/08\/DSC07766-1024x543.jpg 1024w, https:\/\/ligamercedina.com\/web\/wp-content\/uploads\/2017\/08\/DSC07766-300x159.jpg 300w, https:\/\/ligamercedina.com\/web\/wp-content\/uploads\/2017\/08\/DSC07766-768x407.jpg 768w, https:\/\/ligamercedina.com\/web\/wp-content\/uploads\/2017\/08\/DSC07766.jpg 1788w\" sizes=\"auto, (max-width: 860px) 100vw, 860px\" \/><\/a><\/p>\n<blockquote><p><strong>INFANTIL<\/strong><\/p><\/blockquote>\n<p>Uni\u00f3n Vs. El Front\u00f3n, Quilmes Vs. Los Vascos, Ateneo Vs. Los Palometas, Defensores Vs. V\u00e9lez Sarsfield, Juventud Vs. Mercedes \u201cA\u201d, Mercedes Vs. Comunicaciones<br \/>\n13:00 hs. Categor\u00eda Promocional<br \/>\n14:00 hs. Categor\u00eda 2008<br \/>\n15:00 hs. Categor\u00eda 2007<br \/>\n16:00 hs. Categor\u00eda 2006<\/p>\n<blockquote><p><strong>JUVENILES<\/strong><\/p><\/blockquote>\n<p>Uni\u00f3n Vs. El Front\u00f3n<br \/>\n11:00 hs. Categor\u00eda 2005<br \/>\n12:15 hs. Categor\u00eda 2002<br \/>\n13:30 hs. Categor\u00eda 5a Div.<\/p>\n<p>Juventud Vs. Mercedes \u201cA\u201d<br \/>\n11:10 hs. Categor\u00eda 2004<br \/>\n12:15 hs. Categor\u00eda 2005<br \/>\n13:30 hs. Categor\u00eda 2002<br \/>\n14:45 hs. Categor\u00eda 5\u00aa<\/p>\n<p>Mercedes Vs. Comunicaciones<br \/>\n11:00 hs. Categor\u00eda 2005<br \/>\n12:15 hs. Categor\u00eda 2002<br \/>\n13:30 hs. Categor\u00eda 5\u00aa<\/p>\n<p>Quilmes Vs. Los Vascos<br \/>\n13:00 hs. Categor\u00eda 2005<br \/>\n14:15 hs. Categor\u00eda 2002<\/p>\n<p>Ateneo Vs. Palometas<br \/>\n11:45 hs. Categor\u00eda 2003<\/p>\n<p>Defensores Vs. Palometas (Cancha Ateneo)<br \/>\n13:00 hs. Categor\u00eda 2002<\/p>\n","protected":false},"excerpt":{"rendered":"<p>INFANTIL Uni\u00f3n Vs. El Front\u00f3n, Quilmes Vs. Los Vascos, Ateneo Vs. Los Palometas, Defensores Vs. V\u00e9lez Sarsfield, Juventud Vs. Mercedes \u201cA\u201d, Mercedes Vs. Comunicaciones 13:00 hs. Categor\u00eda Promocional 14:00 hs. Categor\u00eda 2008 15:00 hs. Categor\u00eda 2007 16:00 hs. Categor\u00eda 2006 JUVENILES Uni\u00f3n Vs. El Front\u00f3n 11:00 hs. Categor\u00eda 2005 12:15 hs. Categor\u00eda 2002 13:30 hs. Categor\u00eda 5a Div. Juventud Vs.<\/p>\n","protected":false},"author":2,"featured_media":0,"comment_status":"open","ping_status":"open","sticky":false,"template":"","format":"standard","meta":{"footnotes":""},"categories":[4],"tags":[],"class_list":["post-19459","post","type-post","status-publish","format-standard","hentry","category-informaciongeneral"],"_links":{"self":[{"href":"https:\/\/ligamercedina.com\/web\/wp-json\/wp\/v2\/posts\/19459","targetHints":{"allow":["GET"]}}],"collection":[{"href":"https:\/\/ligamercedina.com\/web\/wp-json\/wp\/v2\/posts"}],"about":[{"href":"https:\/\/ligamercedina.com\/web\/wp-json\/wp\/v2\/types\/post"}],"author":[{"embeddable":true,"href":"https:\/\/ligamercedina.com\/web\/wp-json\/wp\/v2\/users\/2"}],"replies":[{"embeddable":true,"href":"https:\/\/ligamercedina.com\/web\/wp-json\/wp\/v2\/comments?post=19459"}],"version-history":[{"count":1,"href":"https:\/\/ligamercedina.com\/web\/wp-json\/wp\/v2\/posts\/19459\/revisions"}],"predecessor-version":[{"id":19461,"href":"https:\/\/ligamercedina.com\/web\/wp-json\/wp\/v2\/posts\/19459\/revisions\/19461"}],"wp:attachment":[{"href":"https:\/\/ligamercedina.com\/web\/wp-json\/wp\/v2\/media?parent=19459"}],"wp:term":[{"taxonomy":"category","embeddable":true,"href":"https:\/\/ligamercedina.com\/web\/wp-json\/wp\/v2\/categories?post=19459"},{"taxonomy":"post_tag","embeddable":true,"href":"https:\/\/ligamercedina.com\/web\/wp-json\/wp\/v2\/tags?post=19459"}],"curies":[{"name":"wp","href":"https:\/\/api.w.org\/{rel}","templated":true}]}}