{"id":194,"date":"2007-08-13T22:22:50","date_gmt":"2007-08-14T01:22:50","guid":{"rendered":"https:\/\/ligamercedina.com\/?p=194"},"modified":"2007-08-13T22:22:50","modified_gmt":"2007-08-14T01:22:50","slug":"no-habra-futbol-durante-el-fin-de-semana-largo","status":"publish","type":"post","link":"https:\/\/ligamercedina.com\/web\/no-habra-futbol-durante-el-fin-de-semana-largo\/","title":{"rendered":"NO HABRA FUTBOL DURANTE EL FIN DE SEMANA LARGO"},"content":{"rendered":"<blockquote><p><strong>A consecuencia de los hechos ocurridos en Marcos Paz qued\u00f3 confirmado esta noche que el pr\u00f3ximo fin de semana no habr\u00e1 actividad. Ello contempla los torneos de F\u00fatbol Infantil, Juveniles y Mayor.<br \/>\nPor otra parte, el mi\u00e9rcoles se realizar\u00e1 la reuni\u00f3n de presidentes y delegados para definir el futuro de la Liga.<\/strong><\/p><\/blockquote>\n","protected":false},"excerpt":{"rendered":"<p>A consecuencia de los hechos ocurridos en Marcos Paz qued\u00f3 confirmado esta noche que el pr\u00f3ximo fin de semana no habr\u00e1 actividad. Ello contempla los torneos de F\u00fatbol Infantil, Juveniles y Mayor. Por otra parte, el mi\u00e9rcoles se realizar\u00e1 la reuni\u00f3n de presidentes y delegados para definir el futuro de la Liga.<\/p>\n","protected":false},"author":1,"featured_media":0,"comment_status":"open","ping_status":"open","sticky":false,"template":"","format":"standard","meta":{"footnotes":""},"categories":[4],"tags":[],"class_list":["post-194","post","type-post","status-publish","format-standard","hentry","category-informaciongeneral"],"_links":{"self":[{"href":"https:\/\/ligamercedina.com\/web\/wp-json\/wp\/v2\/posts\/194","targetHints":{"allow":["GET"]}}],"collection":[{"href":"https:\/\/ligamercedina.com\/web\/wp-json\/wp\/v2\/posts"}],"about":[{"href":"https:\/\/ligamercedina.com\/web\/wp-json\/wp\/v2\/types\/post"}],"author":[{"embeddable":true,"href":"https:\/\/ligamercedina.com\/web\/wp-json\/wp\/v2\/users\/1"}],"replies":[{"embeddable":true,"href":"https:\/\/ligamercedina.com\/web\/wp-json\/wp\/v2\/comments?post=194"}],"version-history":[{"count":0,"href":"https:\/\/ligamercedina.com\/web\/wp-json\/wp\/v2\/posts\/194\/revisions"}],"wp:attachment":[{"href":"https:\/\/ligamercedina.com\/web\/wp-json\/wp\/v2\/media?parent=194"}],"wp:term":[{"taxonomy":"category","embeddable":true,"href":"https:\/\/ligamercedina.com\/web\/wp-json\/wp\/v2\/categories?post=194"},{"taxonomy":"post_tag","embeddable":true,"href":"https:\/\/ligamercedina.com\/web\/wp-json\/wp\/v2\/tags?post=194"}],"curies":[{"name":"wp","href":"https:\/\/api.w.org\/{rel}","templated":true}]}}