{"id":19380,"date":"2017-07-30T08:36:10","date_gmt":"2017-07-30T11:36:10","guid":{"rendered":"https:\/\/ligamercedina.com\/web\/?p=19380"},"modified":"2017-07-30T08:36:10","modified_gmt":"2017-07-30T11:36:10","slug":"suspension-en-primera-division","status":"publish","type":"post","link":"https:\/\/ligamercedina.com\/web\/suspension-en-primera-division\/","title":{"rendered":"SUSPENSION EN PRIMERA DIVISION"},"content":{"rendered":"<blockquote><p><strong>Se informa que a partir de la comunicaci\u00f3n brindada por el delegado del club Costa Brava en cuanto a que en Suipacha est\u00e1 lloviendo y las condiciones no son las mejores, se decide suspender los encuentros de Reserva y Primera entre Costa Brava y Pabell\u00f3n Argentino de Marcos Paz.<\/p>\n<p>En cuanto al resto de los partidos programados, por el momento no ha llovido en Mercedes por lo que se mantiene la realizaci\u00f3n de los juegos, a la vez que se espera por confirmaci\u00f3n de Atl\u00e9tito Marcos Paz.<\/strong><\/p><\/blockquote>\n","protected":false},"excerpt":{"rendered":"<p>Se informa que a partir de la comunicaci\u00f3n brindada por el delegado del club Costa Brava en cuanto a que en Suipacha est\u00e1 lloviendo y las condiciones no son las mejores, se decide suspender los encuentros de Reserva y Primera entre Costa Brava y Pabell\u00f3n Argentino de Marcos Paz. En cuanto al resto de los partidos programados, por el momento<\/p>\n","protected":false},"author":2,"featured_media":0,"comment_status":"open","ping_status":"open","sticky":false,"template":"","format":"standard","meta":{"footnotes":""},"categories":[4],"tags":[],"class_list":["post-19380","post","type-post","status-publish","format-standard","hentry","category-informaciongeneral"],"_links":{"self":[{"href":"https:\/\/ligamercedina.com\/web\/wp-json\/wp\/v2\/posts\/19380","targetHints":{"allow":["GET"]}}],"collection":[{"href":"https:\/\/ligamercedina.com\/web\/wp-json\/wp\/v2\/posts"}],"about":[{"href":"https:\/\/ligamercedina.com\/web\/wp-json\/wp\/v2\/types\/post"}],"author":[{"embeddable":true,"href":"https:\/\/ligamercedina.com\/web\/wp-json\/wp\/v2\/users\/2"}],"replies":[{"embeddable":true,"href":"https:\/\/ligamercedina.com\/web\/wp-json\/wp\/v2\/comments?post=19380"}],"version-history":[{"count":1,"href":"https:\/\/ligamercedina.com\/web\/wp-json\/wp\/v2\/posts\/19380\/revisions"}],"predecessor-version":[{"id":19381,"href":"https:\/\/ligamercedina.com\/web\/wp-json\/wp\/v2\/posts\/19380\/revisions\/19381"}],"wp:attachment":[{"href":"https:\/\/ligamercedina.com\/web\/wp-json\/wp\/v2\/media?parent=19380"}],"wp:term":[{"taxonomy":"category","embeddable":true,"href":"https:\/\/ligamercedina.com\/web\/wp-json\/wp\/v2\/categories?post=19380"},{"taxonomy":"post_tag","embeddable":true,"href":"https:\/\/ligamercedina.com\/web\/wp-json\/wp\/v2\/tags?post=19380"}],"curies":[{"name":"wp","href":"https:\/\/api.w.org\/{rel}","templated":true}]}}