{"id":19375,"date":"2017-07-29T10:11:54","date_gmt":"2017-07-29T13:11:54","guid":{"rendered":"https:\/\/ligamercedina.com\/web\/?p=19375"},"modified":"2017-07-29T10:11:54","modified_gmt":"2017-07-29T13:11:54","slug":"futbol-infantil-a-una-semana-del-regreso","status":"publish","type":"post","link":"https:\/\/ligamercedina.com\/web\/futbol-infantil-a-una-semana-del-regreso\/","title":{"rendered":"FUTBOL INFANTIL: A UNA SEMANA DEL REGRESO"},"content":{"rendered":"<p><strong>FECHA 12<\/strong><br \/>\nUni\u00f3n Vs. El Front\u00f3n<br \/>\nQuilmes Vs. Los Vascos<br \/>\nAteneo\tVs. Palometas<br \/>\nDefensores Vs. V\u00e9lez<br \/>\nJuventud Vs. Mercedes \u201cA\u201d<br \/>\nMercedes Vs. Comunicaciones<\/p>\n<p><strong>FECHA 13<\/strong><br \/>\nMercedes \u201cA\u201d Vs. Defensores<br \/>\nV\u00e9lez Vs. Estudiantes<br \/>\nPalometas Vs. Quilmes<br \/>\nLos Vascos Vs. Uni\u00f3n<br \/>\nEl Front\u00f3n Vs. Mercedes<br \/>\nComunicaciones Vs. Juventud<\/p>\n<blockquote><p><strong>POSICIONES 2008<\/strong><\/p><\/blockquote>\n<p><a href=\"https:\/\/ligamercedina.com\/web\/wp-content\/uploads\/2017\/07\/2008.jpg\"><img loading=\"lazy\" decoding=\"async\" src=\"https:\/\/ligamercedina.com\/web\/wp-content\/uploads\/2017\/07\/2008.jpg\" alt=\"\" width=\"376\" height=\"283\" class=\"aligncenter size-full wp-image-19376\" srcset=\"https:\/\/ligamercedina.com\/web\/wp-content\/uploads\/2017\/07\/2008.jpg 376w, https:\/\/ligamercedina.com\/web\/wp-content\/uploads\/2017\/07\/2008-300x226.jpg 300w\" sizes=\"auto, (max-width: 376px) 100vw, 376px\" \/><\/a><\/p>\n<blockquote><p><strong>POSICIONES 2007<\/strong><\/p><\/blockquote>\n<p><a href=\"https:\/\/ligamercedina.com\/web\/wp-content\/uploads\/2017\/07\/2007.jpg\"><img loading=\"lazy\" decoding=\"async\" src=\"https:\/\/ligamercedina.com\/web\/wp-content\/uploads\/2017\/07\/2007.jpg\" alt=\"\" width=\"374\" height=\"284\" class=\"aligncenter size-full wp-image-19377\" srcset=\"https:\/\/ligamercedina.com\/web\/wp-content\/uploads\/2017\/07\/2007.jpg 374w, https:\/\/ligamercedina.com\/web\/wp-content\/uploads\/2017\/07\/2007-300x228.jpg 300w\" sizes=\"auto, (max-width: 374px) 100vw, 374px\" \/><\/a><\/p>\n<blockquote><p><strong>POSICIONES 2006<\/strong><\/p><\/blockquote>\n<p><a href=\"https:\/\/ligamercedina.com\/web\/wp-content\/uploads\/2017\/07\/2006.jpg\"><img loading=\"lazy\" decoding=\"async\" src=\"https:\/\/ligamercedina.com\/web\/wp-content\/uploads\/2017\/07\/2006.jpg\" alt=\"\" width=\"344\" height=\"285\" class=\"aligncenter size-full wp-image-19378\" srcset=\"https:\/\/ligamercedina.com\/web\/wp-content\/uploads\/2017\/07\/2006.jpg 344w, https:\/\/ligamercedina.com\/web\/wp-content\/uploads\/2017\/07\/2006-300x249.jpg 300w\" sizes=\"auto, (max-width: 344px) 100vw, 344px\" \/><\/a><\/p>\n","protected":false},"excerpt":{"rendered":"<p>FECHA 12 Uni\u00f3n Vs. El Front\u00f3n Quilmes Vs. Los Vascos Ateneo Vs. Palometas Defensores Vs. V\u00e9lez Juventud Vs. Mercedes \u201cA\u201d Mercedes Vs. Comunicaciones FECHA 13 Mercedes \u201cA\u201d Vs. Defensores V\u00e9lez Vs. Estudiantes Palometas Vs. Quilmes Los Vascos Vs. Uni\u00f3n El Front\u00f3n Vs. Mercedes Comunicaciones Vs. Juventud POSICIONES 2008 POSICIONES 2007 POSICIONES 2006<\/p>\n","protected":false},"author":2,"featured_media":0,"comment_status":"open","ping_status":"open","sticky":false,"template":"","format":"standard","meta":{"footnotes":""},"categories":[4],"tags":[],"class_list":["post-19375","post","type-post","status-publish","format-standard","hentry","category-informaciongeneral"],"_links":{"self":[{"href":"https:\/\/ligamercedina.com\/web\/wp-json\/wp\/v2\/posts\/19375","targetHints":{"allow":["GET"]}}],"collection":[{"href":"https:\/\/ligamercedina.com\/web\/wp-json\/wp\/v2\/posts"}],"about":[{"href":"https:\/\/ligamercedina.com\/web\/wp-json\/wp\/v2\/types\/post"}],"author":[{"embeddable":true,"href":"https:\/\/ligamercedina.com\/web\/wp-json\/wp\/v2\/users\/2"}],"replies":[{"embeddable":true,"href":"https:\/\/ligamercedina.com\/web\/wp-json\/wp\/v2\/comments?post=19375"}],"version-history":[{"count":1,"href":"https:\/\/ligamercedina.com\/web\/wp-json\/wp\/v2\/posts\/19375\/revisions"}],"predecessor-version":[{"id":19379,"href":"https:\/\/ligamercedina.com\/web\/wp-json\/wp\/v2\/posts\/19375\/revisions\/19379"}],"wp:attachment":[{"href":"https:\/\/ligamercedina.com\/web\/wp-json\/wp\/v2\/media?parent=19375"}],"wp:term":[{"taxonomy":"category","embeddable":true,"href":"https:\/\/ligamercedina.com\/web\/wp-json\/wp\/v2\/categories?post=19375"},{"taxonomy":"post_tag","embeddable":true,"href":"https:\/\/ligamercedina.com\/web\/wp-json\/wp\/v2\/tags?post=19375"}],"curies":[{"name":"wp","href":"https:\/\/api.w.org\/{rel}","templated":true}]}}