{"id":19368,"date":"2017-07-29T09:56:01","date_gmt":"2017-07-29T12:56:01","guid":{"rendered":"https:\/\/ligamercedina.com\/web\/?p=19368"},"modified":"2017-07-29T09:56:01","modified_gmt":"2017-07-29T12:56:01","slug":"sabado-con-partidos-de-reserva","status":"publish","type":"post","link":"https:\/\/ligamercedina.com\/web\/sabado-con-partidos-de-reserva\/","title":{"rendered":"SABADO CON PARTIDOS DE RESERVA"},"content":{"rendered":"<p><em><strong>S\u00e1bado 29 de julio, cancha Comunicaciones<\/strong><\/em><br \/>\n13:30 hs. Uni\u00f3n Vs. Trocha<br \/>\n15:30 hs. Comunicaciones Vs. Quilmes<\/p>\n<p><em><strong>S\u00e1bado 29 de julio, cancha V\u00e9lez Sarsfield<\/strong><\/em><br \/>\n15:00 hs. Los Palometas Vs. V\u00e9lez<\/p>\n<p><em><strong>S\u00e1bado 29 de julio, cancha Ateneo<\/strong><\/em><br \/>\n13:30 hs. El Tim\u00f3n Vs. El Front\u00f3n<br \/>\n15:30 hs. Defensores Juniors Vs. A.M.E.F.I.P.<\/p>\n","protected":false},"excerpt":{"rendered":"<p>S\u00e1bado 29 de julio, cancha Comunicaciones 13:30 hs. Uni\u00f3n Vs. Trocha 15:30 hs. Comunicaciones Vs. Quilmes S\u00e1bado 29 de julio, cancha V\u00e9lez Sarsfield 15:00 hs. Los Palometas Vs. V\u00e9lez S\u00e1bado 29 de julio, cancha Ateneo 13:30 hs. El Tim\u00f3n Vs. El Front\u00f3n 15:30 hs. Defensores Juniors Vs. A.M.E.F.I.P.<\/p>\n","protected":false},"author":2,"featured_media":0,"comment_status":"open","ping_status":"open","sticky":false,"template":"","format":"standard","meta":{"footnotes":""},"categories":[4],"tags":[],"class_list":["post-19368","post","type-post","status-publish","format-standard","hentry","category-informaciongeneral"],"_links":{"self":[{"href":"https:\/\/ligamercedina.com\/web\/wp-json\/wp\/v2\/posts\/19368","targetHints":{"allow":["GET"]}}],"collection":[{"href":"https:\/\/ligamercedina.com\/web\/wp-json\/wp\/v2\/posts"}],"about":[{"href":"https:\/\/ligamercedina.com\/web\/wp-json\/wp\/v2\/types\/post"}],"author":[{"embeddable":true,"href":"https:\/\/ligamercedina.com\/web\/wp-json\/wp\/v2\/users\/2"}],"replies":[{"embeddable":true,"href":"https:\/\/ligamercedina.com\/web\/wp-json\/wp\/v2\/comments?post=19368"}],"version-history":[{"count":1,"href":"https:\/\/ligamercedina.com\/web\/wp-json\/wp\/v2\/posts\/19368\/revisions"}],"predecessor-version":[{"id":19369,"href":"https:\/\/ligamercedina.com\/web\/wp-json\/wp\/v2\/posts\/19368\/revisions\/19369"}],"wp:attachment":[{"href":"https:\/\/ligamercedina.com\/web\/wp-json\/wp\/v2\/media?parent=19368"}],"wp:term":[{"taxonomy":"category","embeddable":true,"href":"https:\/\/ligamercedina.com\/web\/wp-json\/wp\/v2\/categories?post=19368"},{"taxonomy":"post_tag","embeddable":true,"href":"https:\/\/ligamercedina.com\/web\/wp-json\/wp\/v2\/tags?post=19368"}],"curies":[{"name":"wp","href":"https:\/\/api.w.org\/{rel}","templated":true}]}}