{"id":193,"date":"2007-08-13T00:28:53","date_gmt":"2007-08-13T03:28:53","guid":{"rendered":"https:\/\/ligamercedina.com\/?p=193"},"modified":"2007-08-13T00:28:53","modified_gmt":"2007-08-13T03:28:53","slug":"convocan-en-forma-urgente-a-una-reunion-para-el-miercoles","status":"publish","type":"post","link":"https:\/\/ligamercedina.com\/web\/convocan-en-forma-urgente-a-una-reunion-para-el-miercoles\/","title":{"rendered":"CONVOCAN EN FORMA URGENTE A UNA REUNION PARA EL MIERCOLES"},"content":{"rendered":"<blockquote><p><strong>A ra\u00edz de los hechos acaecidos en la localidad de Marcos Paz, en el partido jugado entre San Marcos F\u00fatbol Club y Club Mercedes, se convoca para el pr\u00f3ximo mi\u00e9rcoles a las 19:30 a todos los presidentes de los clubes de Primera Divisi\u00f3n, y al delegado titular de cada instituci\u00f3n.<\/strong><\/p><\/blockquote>\n<p>Algunos medios period\u00edsticos de la ciudad reflejaron algo de lo sucedido.<br \/>\nEn su edici\u00f3n de hoy, Semanario Protagonistas se refiri\u00f3 a algunos de los hechos<br \/>\n<a href=\"http:\/\/www.sprotagonistas.com.ar\/deport10.html\">SEMANARIO PROTAGONISTAS<\/p>\n<p>Por su parte, Noticias Mercedinas.com tambi\u00e9n se refiri\u00f3 a lo sucedido<\/a><a href=\"http:\/\/www.noticiasmercedinas.com\/070813futbol.htm\"> (NOTICIAS MERCEDINAS)<br \/>\n<\/a><\/p>\n","protected":false},"excerpt":{"rendered":"<p>A ra\u00edz de los hechos acaecidos en la localidad de Marcos Paz, en el partido jugado entre San Marcos F\u00fatbol Club y Club Mercedes, se convoca para el pr\u00f3ximo mi\u00e9rcoles a las 19:30 a todos los presidentes de los clubes de Primera Divisi\u00f3n, y al delegado titular de cada instituci\u00f3n. Algunos medios period\u00edsticos de la ciudad reflejaron algo de lo<\/p>\n","protected":false},"author":1,"featured_media":0,"comment_status":"open","ping_status":"open","sticky":false,"template":"","format":"standard","meta":{"footnotes":""},"categories":[4],"tags":[],"class_list":["post-193","post","type-post","status-publish","format-standard","hentry","category-informaciongeneral"],"_links":{"self":[{"href":"https:\/\/ligamercedina.com\/web\/wp-json\/wp\/v2\/posts\/193","targetHints":{"allow":["GET"]}}],"collection":[{"href":"https:\/\/ligamercedina.com\/web\/wp-json\/wp\/v2\/posts"}],"about":[{"href":"https:\/\/ligamercedina.com\/web\/wp-json\/wp\/v2\/types\/post"}],"author":[{"embeddable":true,"href":"https:\/\/ligamercedina.com\/web\/wp-json\/wp\/v2\/users\/1"}],"replies":[{"embeddable":true,"href":"https:\/\/ligamercedina.com\/web\/wp-json\/wp\/v2\/comments?post=193"}],"version-history":[{"count":0,"href":"https:\/\/ligamercedina.com\/web\/wp-json\/wp\/v2\/posts\/193\/revisions"}],"wp:attachment":[{"href":"https:\/\/ligamercedina.com\/web\/wp-json\/wp\/v2\/media?parent=193"}],"wp:term":[{"taxonomy":"category","embeddable":true,"href":"https:\/\/ligamercedina.com\/web\/wp-json\/wp\/v2\/categories?post=193"},{"taxonomy":"post_tag","embeddable":true,"href":"https:\/\/ligamercedina.com\/web\/wp-json\/wp\/v2\/tags?post=193"}],"curies":[{"name":"wp","href":"https:\/\/api.w.org\/{rel}","templated":true}]}}