{"id":19255,"date":"2017-07-22T20:00:40","date_gmt":"2017-07-22T23:00:40","guid":{"rendered":"https:\/\/ligamercedina.com\/web\/?p=19255"},"modified":"2017-07-22T21:59:40","modified_gmt":"2017-07-23T00:59:40","slug":"19255-2","status":"publish","type":"post","link":"https:\/\/ligamercedina.com\/web\/19255-2\/","title":{"rendered":"JUVENTUD SE IMPUSO ANTE EL TIMON"},"content":{"rendered":"<p>Triunfo del equipo de Suipacha por 1 a 0.<\/p>\n<p><a href=\"https:\/\/ligamercedina.com\/web\/wp-content\/uploads\/2017\/07\/LINEUP111500762282905.png\"><img loading=\"lazy\" decoding=\"async\" src=\"https:\/\/ligamercedina.com\/web\/wp-content\/uploads\/2017\/07\/LINEUP111500762282905.png\" alt=\"\" width=\"540\" height=\"540\" class=\"aligncenter size-full wp-image-19256\" srcset=\"https:\/\/ligamercedina.com\/web\/wp-content\/uploads\/2017\/07\/LINEUP111500762282905.png 540w, https:\/\/ligamercedina.com\/web\/wp-content\/uploads\/2017\/07\/LINEUP111500762282905-150x150.png 150w, https:\/\/ligamercedina.com\/web\/wp-content\/uploads\/2017\/07\/LINEUP111500762282905-300x300.png 300w, https:\/\/ligamercedina.com\/web\/wp-content\/uploads\/2017\/07\/LINEUP111500762282905-90x90.png 90w, https:\/\/ligamercedina.com\/web\/wp-content\/uploads\/2017\/07\/LINEUP111500762282905-75x75.png 75w\" sizes=\"auto, (max-width: 540px) 100vw, 540px\" \/><\/a><br \/>\n<em><strong>DT:<\/strong><\/em> Julio Compagnoni<br \/>\n<em><strong>Suplente:<\/strong><\/em> Julio Irrazabal<\/p>\n<p><a href=\"https:\/\/ligamercedina.com\/web\/wp-content\/uploads\/2017\/07\/LINEUP111500764359236.png\"><img loading=\"lazy\" decoding=\"async\" src=\"https:\/\/ligamercedina.com\/web\/wp-content\/uploads\/2017\/07\/LINEUP111500764359236.png\" alt=\"\" width=\"540\" height=\"540\" class=\"aligncenter size-full wp-image-19257\" srcset=\"https:\/\/ligamercedina.com\/web\/wp-content\/uploads\/2017\/07\/LINEUP111500764359236.png 540w, https:\/\/ligamercedina.com\/web\/wp-content\/uploads\/2017\/07\/LINEUP111500764359236-150x150.png 150w, https:\/\/ligamercedina.com\/web\/wp-content\/uploads\/2017\/07\/LINEUP111500764359236-300x300.png 300w, https:\/\/ligamercedina.com\/web\/wp-content\/uploads\/2017\/07\/LINEUP111500764359236-90x90.png 90w, https:\/\/ligamercedina.com\/web\/wp-content\/uploads\/2017\/07\/LINEUP111500764359236-75x75.png 75w\" sizes=\"auto, (max-width: 540px) 100vw, 540px\" \/><\/a><br \/>\n<em><strong>DT:<\/strong><\/em> Jorge Boqu\u00edn<br \/>\n<em><strong>Suplente:<\/strong><\/em> Mateo Zoni<\/p>\n<p><strong>GOL:<\/strong> PT P\u00e9rez Zunino<br \/>\n<strong>CAMBIOS:<\/strong> En El Tim\u00f3n: Fabi\u00e1n Ballesteros, Ariel Pitrau y Patricio Garc\u00eda Rey por De Tomassi, Lagrecca y Nu\u00f1ez.  En Juventud: Facundo Lobos y Braian Abaca por Apariente y Correa.<br \/>\n<strong>INCIDENCIAS:<\/strong> Expulsados: Krenz y R\u00edos (T). Machado (J).<br \/>\nAMONESTADOS: Di Blassi, Lagrecca (T). Rocam\u00e1n, Apariente, Clerici (J).<br \/>\n<strong>ARBITRO:<\/strong> Luis L\u00f3pez<\/p>\n","protected":false},"excerpt":{"rendered":"<p>Triunfo del equipo de Suipacha por 1 a 0. DT: Julio Compagnoni Suplente: Julio Irrazabal DT: Jorge Boqu\u00edn Suplente: Mateo Zoni GOL: PT P\u00e9rez Zunino CAMBIOS: En El Tim\u00f3n: Fabi\u00e1n Ballesteros, Ariel Pitrau y Patricio Garc\u00eda Rey por De Tomassi, Lagrecca y Nu\u00f1ez. En Juventud: Facundo Lobos y Braian Abaca por Apariente y Correa. INCIDENCIAS: Expulsados: Krenz y R\u00edos (T).<\/p>\n","protected":false},"author":2,"featured_media":0,"comment_status":"open","ping_status":"open","sticky":false,"template":"","format":"standard","meta":{"footnotes":""},"categories":[4],"tags":[],"class_list":["post-19255","post","type-post","status-publish","format-standard","hentry","category-informaciongeneral"],"_links":{"self":[{"href":"https:\/\/ligamercedina.com\/web\/wp-json\/wp\/v2\/posts\/19255","targetHints":{"allow":["GET"]}}],"collection":[{"href":"https:\/\/ligamercedina.com\/web\/wp-json\/wp\/v2\/posts"}],"about":[{"href":"https:\/\/ligamercedina.com\/web\/wp-json\/wp\/v2\/types\/post"}],"author":[{"embeddable":true,"href":"https:\/\/ligamercedina.com\/web\/wp-json\/wp\/v2\/users\/2"}],"replies":[{"embeddable":true,"href":"https:\/\/ligamercedina.com\/web\/wp-json\/wp\/v2\/comments?post=19255"}],"version-history":[{"count":3,"href":"https:\/\/ligamercedina.com\/web\/wp-json\/wp\/v2\/posts\/19255\/revisions"}],"predecessor-version":[{"id":19261,"href":"https:\/\/ligamercedina.com\/web\/wp-json\/wp\/v2\/posts\/19255\/revisions\/19261"}],"wp:attachment":[{"href":"https:\/\/ligamercedina.com\/web\/wp-json\/wp\/v2\/media?parent=19255"}],"wp:term":[{"taxonomy":"category","embeddable":true,"href":"https:\/\/ligamercedina.com\/web\/wp-json\/wp\/v2\/categories?post=19255"},{"taxonomy":"post_tag","embeddable":true,"href":"https:\/\/ligamercedina.com\/web\/wp-json\/wp\/v2\/tags?post=19255"}],"curies":[{"name":"wp","href":"https:\/\/api.w.org\/{rel}","templated":true}]}}