{"id":19247,"date":"2017-07-22T18:49:27","date_gmt":"2017-07-22T21:49:27","guid":{"rendered":"https:\/\/ligamercedina.com\/web\/?p=19247"},"modified":"2017-07-22T22:01:42","modified_gmt":"2017-07-23T01:01:42","slug":"19247-2","status":"publish","type":"post","link":"https:\/\/ligamercedina.com\/web\/19247-2\/","title":{"rendered":"EMPATE ENTRE AMEFIP-SAN MARTIN Y ATLETICO MARCOS PAZ"},"content":{"rendered":"<p>Fue 1 a 1 en cancha de la Liga Mercedina<\/p>\n<p><a href=\"https:\/\/ligamercedina.com\/web\/wp-content\/uploads\/2017\/07\/LINEUP111500754659462.png\"><img loading=\"lazy\" decoding=\"async\" src=\"https:\/\/ligamercedina.com\/web\/wp-content\/uploads\/2017\/07\/LINEUP111500754659462.png\" alt=\"\" width=\"540\" height=\"540\" class=\"aligncenter size-full wp-image-19248\" srcset=\"https:\/\/ligamercedina.com\/web\/wp-content\/uploads\/2017\/07\/LINEUP111500754659462.png 540w, https:\/\/ligamercedina.com\/web\/wp-content\/uploads\/2017\/07\/LINEUP111500754659462-150x150.png 150w, https:\/\/ligamercedina.com\/web\/wp-content\/uploads\/2017\/07\/LINEUP111500754659462-300x300.png 300w, https:\/\/ligamercedina.com\/web\/wp-content\/uploads\/2017\/07\/LINEUP111500754659462-90x90.png 90w, https:\/\/ligamercedina.com\/web\/wp-content\/uploads\/2017\/07\/LINEUP111500754659462-75x75.png 75w\" sizes=\"auto, (max-width: 540px) 100vw, 540px\" \/><\/a><br \/>\n<em><strong>DT:<\/strong><\/em> Jorge Camargo<br \/>\n<em><strong>Suplentes:<\/strong><\/em> Jorge Bartolomeo, Fernando Saba<\/p>\n<p><a href=\"https:\/\/ligamercedina.com\/web\/wp-content\/uploads\/2017\/07\/LINEUP111500755049069.png\"><img loading=\"lazy\" decoding=\"async\" src=\"https:\/\/ligamercedina.com\/web\/wp-content\/uploads\/2017\/07\/LINEUP111500755049069.png\" alt=\"\" width=\"540\" height=\"540\" class=\"aligncenter size-full wp-image-19249\" srcset=\"https:\/\/ligamercedina.com\/web\/wp-content\/uploads\/2017\/07\/LINEUP111500755049069.png 540w, https:\/\/ligamercedina.com\/web\/wp-content\/uploads\/2017\/07\/LINEUP111500755049069-150x150.png 150w, https:\/\/ligamercedina.com\/web\/wp-content\/uploads\/2017\/07\/LINEUP111500755049069-300x300.png 300w, https:\/\/ligamercedina.com\/web\/wp-content\/uploads\/2017\/07\/LINEUP111500755049069-90x90.png 90w, https:\/\/ligamercedina.com\/web\/wp-content\/uploads\/2017\/07\/LINEUP111500755049069-75x75.png 75w\" sizes=\"auto, (max-width: 540px) 100vw, 540px\" \/><\/a><br \/>\n<em><strong>DT:<\/strong><\/em> Javier Flores<br \/>\n<em><strong>Suplente:<\/strong><\/em> Marcos Sierocki<\/p>\n<p><strong>GOLES:<\/strong>  Heredia (A.M.) &#8211; Torres (AMEFIP)<br \/>\n<strong>CAMBIOS:<\/strong> En AMEFIP: Mart\u00edn Mariano, Nicol\u00e1s Serebrinsky y Mat\u00edas L\u00f3pez por Sigona, Santana y Cabrera. En Atl\u00e9tico Marcos Paz: Diego Correa, Axel Avila y Mauro Cristaldo por Gonz\u00e1lez, Avalos y Bejarano.<br \/>\nAMONESTADOS: Santana, Rementer\u00eda (A-SM). Fern\u00e1ndez, Gonz\u00e1lez, Avila, Guallama (A.M.P.)<br \/>\n<strong>ARBITRO:<\/strong> Mariano Marcelo<\/p>\n","protected":false},"excerpt":{"rendered":"<p>Fue 1 a 1 en cancha de la Liga Mercedina DT: Jorge Camargo Suplentes: Jorge Bartolomeo, Fernando Saba DT: Javier Flores Suplente: Marcos Sierocki GOLES: Heredia (A.M.) &#8211; Torres (AMEFIP) CAMBIOS: En AMEFIP: Mart\u00edn Mariano, Nicol\u00e1s Serebrinsky y Mat\u00edas L\u00f3pez por Sigona, Santana y Cabrera. En Atl\u00e9tico Marcos Paz: Diego Correa, Axel Avila y Mauro Cristaldo por Gonz\u00e1lez, Avalos y<\/p>\n","protected":false},"author":2,"featured_media":0,"comment_status":"open","ping_status":"open","sticky":false,"template":"","format":"standard","meta":{"footnotes":""},"categories":[4],"tags":[],"class_list":["post-19247","post","type-post","status-publish","format-standard","hentry","category-informaciongeneral"],"_links":{"self":[{"href":"https:\/\/ligamercedina.com\/web\/wp-json\/wp\/v2\/posts\/19247","targetHints":{"allow":["GET"]}}],"collection":[{"href":"https:\/\/ligamercedina.com\/web\/wp-json\/wp\/v2\/posts"}],"about":[{"href":"https:\/\/ligamercedina.com\/web\/wp-json\/wp\/v2\/types\/post"}],"author":[{"embeddable":true,"href":"https:\/\/ligamercedina.com\/web\/wp-json\/wp\/v2\/users\/2"}],"replies":[{"embeddable":true,"href":"https:\/\/ligamercedina.com\/web\/wp-json\/wp\/v2\/comments?post=19247"}],"version-history":[{"count":5,"href":"https:\/\/ligamercedina.com\/web\/wp-json\/wp\/v2\/posts\/19247\/revisions"}],"predecessor-version":[{"id":19262,"href":"https:\/\/ligamercedina.com\/web\/wp-json\/wp\/v2\/posts\/19247\/revisions\/19262"}],"wp:attachment":[{"href":"https:\/\/ligamercedina.com\/web\/wp-json\/wp\/v2\/media?parent=19247"}],"wp:term":[{"taxonomy":"category","embeddable":true,"href":"https:\/\/ligamercedina.com\/web\/wp-json\/wp\/v2\/categories?post=19247"},{"taxonomy":"post_tag","embeddable":true,"href":"https:\/\/ligamercedina.com\/web\/wp-json\/wp\/v2\/tags?post=19247"}],"curies":[{"name":"wp","href":"https:\/\/api.w.org\/{rel}","templated":true}]}}