{"id":19242,"date":"2017-07-22T18:03:25","date_gmt":"2017-07-22T21:03:25","guid":{"rendered":"https:\/\/ligamercedina.com\/web\/?p=19242"},"modified":"2017-07-22T22:05:51","modified_gmt":"2017-07-23T01:05:51","slug":"el-fronton-vencio-a-trocha","status":"publish","type":"post","link":"https:\/\/ligamercedina.com\/web\/el-fronton-vencio-a-trocha\/","title":{"rendered":"EL FRONTON VENCIO A TROCHA"},"content":{"rendered":"<p>En San Andr\u00e9s de Giles fue victoria del local por 2 a 1.<\/p>\n<p><a href=\"https:\/\/ligamercedina.com\/web\/wp-content\/uploads\/2017\/07\/LINEUP111500756836787.png\"><img loading=\"lazy\" decoding=\"async\" src=\"https:\/\/ligamercedina.com\/web\/wp-content\/uploads\/2017\/07\/LINEUP111500756836787.png\" alt=\"\" width=\"540\" height=\"540\" class=\"aligncenter size-full wp-image-19243\" srcset=\"https:\/\/ligamercedina.com\/web\/wp-content\/uploads\/2017\/07\/LINEUP111500756836787.png 540w, https:\/\/ligamercedina.com\/web\/wp-content\/uploads\/2017\/07\/LINEUP111500756836787-150x150.png 150w, https:\/\/ligamercedina.com\/web\/wp-content\/uploads\/2017\/07\/LINEUP111500756836787-300x300.png 300w, https:\/\/ligamercedina.com\/web\/wp-content\/uploads\/2017\/07\/LINEUP111500756836787-90x90.png 90w, https:\/\/ligamercedina.com\/web\/wp-content\/uploads\/2017\/07\/LINEUP111500756836787-75x75.png 75w\" sizes=\"auto, (max-width: 540px) 100vw, 540px\" \/><\/a><br \/>\n<em><strong>DT:<\/strong><\/em> Germ\u00e1n Stopiello<br \/>\n<em><strong>Suplentes:<\/strong><\/em> Santiago Curotto, Marcelo Reble, Tom\u00e1s Domancich, Francisco Tallarico<\/p>\n<p><a href=\"https:\/\/ligamercedina.com\/web\/wp-content\/uploads\/2017\/07\/LINEUP111500757079559.png\"><img loading=\"lazy\" decoding=\"async\" src=\"https:\/\/ligamercedina.com\/web\/wp-content\/uploads\/2017\/07\/LINEUP111500757079559.png\" alt=\"\" width=\"540\" height=\"540\" class=\"aligncenter size-full wp-image-19244\" srcset=\"https:\/\/ligamercedina.com\/web\/wp-content\/uploads\/2017\/07\/LINEUP111500757079559.png 540w, https:\/\/ligamercedina.com\/web\/wp-content\/uploads\/2017\/07\/LINEUP111500757079559-150x150.png 150w, https:\/\/ligamercedina.com\/web\/wp-content\/uploads\/2017\/07\/LINEUP111500757079559-300x300.png 300w, https:\/\/ligamercedina.com\/web\/wp-content\/uploads\/2017\/07\/LINEUP111500757079559-90x90.png 90w, https:\/\/ligamercedina.com\/web\/wp-content\/uploads\/2017\/07\/LINEUP111500757079559-75x75.png 75w\" sizes=\"auto, (max-width: 540px) 100vw, 540px\" \/><\/a><br \/>\n<em><strong>DT:<\/strong><\/em><br \/>\n<em><strong>Suplentes:<\/strong><\/em>  <\/p>\n<p><strong>GOLES:<\/strong> Grosso y Paolacci (EF). Miranda (T)<br \/>\n<strong>CAMBIOS:<\/strong> En El Front\u00f3n: Sergio G\u00f3mez, Federico Dinardi y Carlos Scheffer por Morada, Carretta y Paolacci En Trocha: Manuel Mastrodom\u00e9nico y Jhon Llanos por Tosoni y Biasotti.<br \/>\n<em><strong>INCIDENCIAS:<\/strong><\/em> Expulsados Dinardi (F), Falcone (T)<br \/>\n<em><strong>AMONESTADOS:<\/strong><\/em> Scheffer (F), Rizzo, Biasotti y Paniagua (T)<br \/>\n<strong>ARBITRO:<\/strong> Javier Viglietti <\/p>\n","protected":false},"excerpt":{"rendered":"<p>En San Andr\u00e9s de Giles fue victoria del local por 2 a 1. DT: Germ\u00e1n Stopiello Suplentes: Santiago Curotto, Marcelo Reble, Tom\u00e1s Domancich, Francisco Tallarico DT: Suplentes: GOLES: Grosso y Paolacci (EF). Miranda (T) CAMBIOS: En El Front\u00f3n: Sergio G\u00f3mez, Federico Dinardi y Carlos Scheffer por Morada, Carretta y Paolacci En Trocha: Manuel Mastrodom\u00e9nico y Jhon Llanos por Tosoni y<\/p>\n","protected":false},"author":2,"featured_media":0,"comment_status":"open","ping_status":"open","sticky":false,"template":"","format":"standard","meta":{"footnotes":""},"categories":[4],"tags":[],"class_list":["post-19242","post","type-post","status-publish","format-standard","hentry","category-informaciongeneral"],"_links":{"self":[{"href":"https:\/\/ligamercedina.com\/web\/wp-json\/wp\/v2\/posts\/19242","targetHints":{"allow":["GET"]}}],"collection":[{"href":"https:\/\/ligamercedina.com\/web\/wp-json\/wp\/v2\/posts"}],"about":[{"href":"https:\/\/ligamercedina.com\/web\/wp-json\/wp\/v2\/types\/post"}],"author":[{"embeddable":true,"href":"https:\/\/ligamercedina.com\/web\/wp-json\/wp\/v2\/users\/2"}],"replies":[{"embeddable":true,"href":"https:\/\/ligamercedina.com\/web\/wp-json\/wp\/v2\/comments?post=19242"}],"version-history":[{"count":4,"href":"https:\/\/ligamercedina.com\/web\/wp-json\/wp\/v2\/posts\/19242\/revisions"}],"predecessor-version":[{"id":19264,"href":"https:\/\/ligamercedina.com\/web\/wp-json\/wp\/v2\/posts\/19242\/revisions\/19264"}],"wp:attachment":[{"href":"https:\/\/ligamercedina.com\/web\/wp-json\/wp\/v2\/media?parent=19242"}],"wp:term":[{"taxonomy":"category","embeddable":true,"href":"https:\/\/ligamercedina.com\/web\/wp-json\/wp\/v2\/categories?post=19242"},{"taxonomy":"post_tag","embeddable":true,"href":"https:\/\/ligamercedina.com\/web\/wp-json\/wp\/v2\/tags?post=19242"}],"curies":[{"name":"wp","href":"https:\/\/api.w.org\/{rel}","templated":true}]}}