{"id":1923,"date":"2009-08-16T12:42:30","date_gmt":"2009-08-16T15:42:30","guid":{"rendered":"https:\/\/ligamercedina.com\/?p=1923"},"modified":"2009-08-16T12:42:30","modified_gmt":"2009-08-16T15:42:30","slug":"la-fecha-de-primera-se-suspendio-para-manana-lunes","status":"publish","type":"post","link":"https:\/\/ligamercedina.com\/web\/la-fecha-de-primera-se-suspendio-para-manana-lunes\/","title":{"rendered":"LA FECHA DE PRIMERA SE SUSPENDIO PARA MA\u00d1ANA LUNES"},"content":{"rendered":"<p><strong>En la ma\u00f1ana de este domingo, y a consecuencia de las inclemencias del tiempo, la Comisi\u00f3n directiva decidi\u00f3 postergar para ma\u00f1ana lunes la fecha prevista del torneo de Primera Divisi\u00f3n, manteniendo los mismos horarios.<\/strong><\/p>\n","protected":false},"excerpt":{"rendered":"<p>En la ma\u00f1ana de este domingo, y a consecuencia de las inclemencias del tiempo, la Comisi\u00f3n directiva decidi\u00f3 postergar para ma\u00f1ana lunes la fecha prevista del torneo de Primera Divisi\u00f3n, manteniendo los mismos horarios.<\/p>\n","protected":false},"author":1,"featured_media":0,"comment_status":"open","ping_status":"open","sticky":false,"template":"","format":"standard","meta":{"footnotes":""},"categories":[4],"tags":[],"class_list":["post-1923","post","type-post","status-publish","format-standard","hentry","category-informaciongeneral"],"_links":{"self":[{"href":"https:\/\/ligamercedina.com\/web\/wp-json\/wp\/v2\/posts\/1923","targetHints":{"allow":["GET"]}}],"collection":[{"href":"https:\/\/ligamercedina.com\/web\/wp-json\/wp\/v2\/posts"}],"about":[{"href":"https:\/\/ligamercedina.com\/web\/wp-json\/wp\/v2\/types\/post"}],"author":[{"embeddable":true,"href":"https:\/\/ligamercedina.com\/web\/wp-json\/wp\/v2\/users\/1"}],"replies":[{"embeddable":true,"href":"https:\/\/ligamercedina.com\/web\/wp-json\/wp\/v2\/comments?post=1923"}],"version-history":[{"count":0,"href":"https:\/\/ligamercedina.com\/web\/wp-json\/wp\/v2\/posts\/1923\/revisions"}],"wp:attachment":[{"href":"https:\/\/ligamercedina.com\/web\/wp-json\/wp\/v2\/media?parent=1923"}],"wp:term":[{"taxonomy":"category","embeddable":true,"href":"https:\/\/ligamercedina.com\/web\/wp-json\/wp\/v2\/categories?post=1923"},{"taxonomy":"post_tag","embeddable":true,"href":"https:\/\/ligamercedina.com\/web\/wp-json\/wp\/v2\/tags?post=1923"}],"curies":[{"name":"wp","href":"https:\/\/api.w.org\/{rel}","templated":true}]}}