{"id":1915,"date":"2009-08-15T19:43:36","date_gmt":"2009-08-15T22:43:36","guid":{"rendered":"https:\/\/ligamercedina.com\/?p=1915"},"modified":"2009-08-15T19:43:36","modified_gmt":"2009-08-15T22:43:36","slug":"resultados-de-primera-division-8","status":"publish","type":"post","link":"https:\/\/ligamercedina.com\/web\/resultados-de-primera-division-8\/","title":{"rendered":"RESULTADOS DE PRIMERA DIVISION"},"content":{"rendered":"<p><strong>ESTUDIANTES  -2-<\/strong><br \/>\nNicol\u00e1s Borrasca, Maximiliano Lobos, Jer\u00f3nimo Luna, Mart\u00edn Colotta, Pablo Hern\u00e1ndez, David Avila, Luciano Apariente, Federico Mariella, Alfonso Castro, Nicol\u00e1s Puricelli y Andr\u00e9s Franco. <em><strong>DT:<\/strong><\/em> Rodolfo Parra. <em><strong>Suplentes:<\/strong><\/em> Juan Dur\u00e1n, Mat\u00edas Mariella y Mauro Filipini<\/p>\n<p><strong>LOS PALOMETAS -0-<\/strong><br \/>\nJos\u00e9 Ventura, Mariano Pueblas, Eduardo Libares, Facundo Quiroga, Mart\u00edn Pastor, Cesar Figueredo, Marcelo Olgu\u00edn, Federico Bassi, Diego Figueredo, Alejandro Huici y Mariano Anido. <em><strong>DT:<\/strong><\/em> Diego Silvestre. <em><strong>Suplente:<\/strong><\/em> Federico Ramponi<\/p>\n<p><strong>GOLES:<\/strong> PT 28\u2019 Avila (E) y 38\u2019 Apariente.<br \/>\n<strong>CAMBIOS:<\/strong> Eli\u00e1n Gonz\u00e1lez por Federico Bassi y Federico Flores Arce por Facundo Quiroga en Palometas. Agust\u00edn Luna por Luciano Apariente, Nicol\u00e1s Dell Oro por Andr\u00e9s Franco y Nicol\u00e1s Ledesma por Nicol\u00e1s Puricelli en Estudiantes.<br \/>\n<strong>INCIDENCIAS:<\/strong> ST 20\u2019 Expulsado Eli\u00e1n Gonz\u00e1lez (P).<br \/>\n<strong>ARBITRO:<\/strong> Miguel Valenzuela (SADRA).<br \/>\n_______________________________________________<\/p>\n<p><strong>ATENEO 1<\/strong><br \/>\nManuel Palacios, Facundo Otero, Mat\u00edas Villalva, Diego Ramos, Mauro Fern\u00e1ndez, Blas Aschero, Nicol\u00e1s Satriano, Juan Demonti, Facundo Picasso, Guido Tokashiki y Eduardo G\u00f3mez. <em><strong>DT:<\/strong><\/em> Dar\u00edo Piccone. <em><strong>Suplentes:<\/strong><\/em> Tupac Genoni y Nicol\u00e1s Gerasitano.<\/p>\n<p><strong>VELEZ SARSFIELD -0-<\/strong><br \/>\nAgust\u00edn Islas, Franco L\u00f3pez, Joaqu\u00edn Villa, Sequeira, Luis Wimbay, Nicol\u00e1s Nava, Gast\u00f3n Godoy, Sebasti\u00e1n Filippini, Julio Mart\u00ednez, Ezequiel Van\u00edn y Lucas Lofreda. <em><strong>DT:<\/strong><\/em> Guillermo Vola. <em><strong>Relevos:<\/strong><\/em> Mariano Bordieu, Fausto Can\u00e9, Patricio Ravassa y Alberto Rodr\u00edguez.<\/p>\n<p><strong>GOL:<\/strong> ST 45\u2019 Satriano (A).<br \/>\n<strong>CAMBIOS:<\/strong> Federico Pi\u00f1aranda por Mauro Fern\u00e1ndez, Carlos Zuleta por Facundo Picasso y L\u00e1zaro Lescano por Juan Demonti en Ateneo. Mart\u00edn Losauro por Sebasti\u00e1n Filippini en V\u00e9lez.<br \/>\n<strong>INCIDENCIAS:<\/strong> Expulsados ST 23\u2019 Aschero (A), 34\u2019 Van\u00edn (V) y 40\u2019 Sequeira (V)<br \/>\n<strong>ARBITRO:<\/strong> Ernesto Calegari (SADRA).<br \/>\n___________________________________________________<\/p>\n<p><strong>COMUNICACIONES -2-<\/strong><br \/>\nDavid Bertera, Sebasti\u00e1n Olivieri, Sebasti\u00e1n Santa Cruz, Luciano Burgos, Diego Mart\u00ednez, Carlos Pacheco, David Peralta, Leandro Schiavi, Jos\u00e9 Do\u00f1agueda, Mariano Uncal y Miguel Maldonado. <em><strong>DT:<\/strong><\/em> Hern\u00e1n Burone. <em><strong>Relevo:<\/strong><\/em> Mart\u00edn Errequet.<\/p>\n<p><strong>EL FRONTON -1-<\/strong><br \/>\nAgust\u00edn Caputo, Ignacio Hazi, Dami\u00e1n Quiroga, Ricardo Casta\u00f1eda, Ignacio Lenard, Germ\u00e1n Stopiello, Alejandro Morada, Fabricio Paganini, Juan Ram\u00edrez, Marcelo Crosetti y Jonathan Duche. <em><strong>DT:<\/strong><\/em> Dinardi-Pontiroli. <em><strong>Relevos:<\/strong><\/em> Lautaro Pocebon, Rodrigo Paganini, Federico Fregiaro y Mart\u00edn Valli.<\/p>\n<p><strong>GOLES:<\/strong> PT 27\u2019 Maldonado (C) y 45\u2019 Peralta (C). ST 47\u2019 Bonetti (EF).<br \/>\n<strong>CAMBIOS:<\/strong> Patricio Uncal por Carlos Pacheco, Roberto Araya por Jos\u00e9 Do\u00f1agueda y Maximiliano Anobelli por Miguel Maldonado en Comunicaciones. Mart\u00edn Dome por Ricardo Casta\u00f1eda, Mart\u00edn Tava por Jonathan Duche y Mart\u00edn Bonetti por Marcelo Crosetti en Front\u00f3n.<br \/>\n<strong>INCIDENCIAS:<\/strong> ST 46\u2019 Expulsado Santa Cruz (C).<br \/>\n<strong>ARBITTRO:<\/strong> Javier Mihura (SADRA).<br \/>\n__________________________________________________<\/p>\n<p><strong>JUVENTUD -3-<\/strong><br \/>\nSebasti\u00e1n Gianini, Agust\u00edn Schenone, Ram\u00f3n Paredes, Lucas Clerici, Ferm\u00edn Salaverri, Carlos Rold\u00e1n, Neri Boqu\u00edn, Facundo Lobos, Luis Lawler, Eduardo Sosa y Federico Clarac. <em><strong>DT:<\/strong><\/em> Miguel Aranda. <em><strong>Suplentes:<\/strong><\/em> Andr\u00e9s Garc\u00eda, Juan Albornoz y Alberto Mart\u00edn.<\/p>\n<p><strong>CRUZADOS FC  -3-<\/strong><br \/>\nDaniel Buzzi, Gustavo Morales, Ruben Ferreira, Mart\u00edn Ag\u00fcero, Nahuel Santana, C\u00e9sar C\u00e1ceres, Flavio Fern\u00e1ndez, Facundo Ballesteros, Mat\u00edas Silea, Mario Morales y Cristian Schiro. <em><strong>DT:<\/strong><\/em> Osvaldo Pinilla. <em><strong>Suplentes:<\/strong><\/em> Miguel Cativa, Mario Chaparro y Joel Freire.<\/p>\n<p><strong>GOLES:<\/strong> Lawler -2- y Lobos (J). Schiro -2- y Fern\u00e1ndez (C).<br \/>\n<strong>CAMBIOS:<\/strong> En Juventud: Mario Nelchi, Jes\u00fas Oyola y Diego Gallardo por Clarac, Sosa y Paredes. En Cruzados: Roberto Pardo y Diego Ventrelli por Santana y Schiro.<br \/>\n<strong>INCIDENCIAS:<\/strong> ST 44\u2019 Expulsado Silea (C).<br \/>\n<strong>ARBITRO:<\/strong> Fernando Basualdo<br \/>\n______________________________________________<\/p>\n<p><strong>SAN MARCOS -1-<\/strong><br \/>\nGuillermo Borda, Helvio Figueroa, Ra\u00fal L\u00f3pez, Miguel Cabriales, Iv\u00e1n Medina, Juan Franco, Santiago Pineda, Hugo Brand\u00e1n, Miguel Gonz\u00e1lez, Diego Ver\u00f3n y Lucas Brand\u00e1n. <em><strong>DT:<\/strong><\/em> Aquino. <em><strong>Suplente:<\/strong><\/em> Pablo Losauro.<\/p>\n<p><strong>QUILMES -0-<\/strong><br \/>\nDavid Br\u00edsoliz, C\u00e9sar Douat, Nicol\u00e1s Mangoni, Marcelo Carpanetto, Franco P\u00e9rez, Franco Romero, Lucas Pereyra, Lucas Pagani, Catriel Piaggio, Nicol\u00e1s Padula y Alejandro Carrera. <em><strong>DT:<\/strong><\/em> Miguel L\u00f3pez. <em><strong>Suplentes:<\/strong><\/em> Jorge Bartolomeo, Sebasti\u00e1n Remolgado y Juan Resqu\u00edn.<\/p>\n<p><strong>GOL:<\/strong> PT 4\u2019 Ver\u00f3n (SM) de penal<br \/>\n<strong>CAMBIOS:<\/strong> Mat\u00edas Fern\u00e1ndez por Alejandro Carrera, Carlos Villalva por Franco Romero y Sebasti\u00e1n Romero por Nicol\u00e1s Mangoni en Quilmes. Marcelo Quiroga por Lucas Brand\u00e1n y Aldo Cabrera por Ra\u00fal L\u00f3pez en San Marcos.<br \/>\n<strong>INCIDENCIAS:<\/strong> Expulsado: Miguel Gonz\u00e1lez en San Marcos.<br \/>\n<strong>ARBITRO:<\/strong> Diego Bobadilla (AAM).<br \/>\n_______________________________________________<\/p>\n<p><strong>PABELLON ARGENTINO -1-<\/strong><br \/>\nLedesma, Sebasti\u00e1n Rinaldini, Andr\u00e9s Lameiro, Cristian Pereira, Mauro Vigliarolo, Marcial Hourquebie, Maximiliano Romero, Juan Hern\u00e1ndez, David Quiroz, Juan Dorola y Nicol\u00e1s Mart\u00edn. <em><strong>DT:<\/strong><\/em> Javier Flores. <em><strong>Suplentes:<\/strong><\/em> Facundo Zalba, Diego Frenedozo, Jonathan Gonz\u00e1lez y Sebasti\u00e1n Norbedo.<\/p>\n<p><strong>CLUB MERCEDES -0-<\/strong><br \/>\nAgust\u00edn Pi\u00f1ero, Federico Ben\u00edtez, Iv\u00e1n Pedrazza, Luciano Seragopi\u00e1n, Cristian Cabrera, Agust\u00edn Malano, Agust\u00edn M\u00f3naco, Gustavo Medone, Mario Alday, Franco Pertossi y Francisco Bomaggio. <em><strong>DT:<\/strong><\/em> Jorge Morales. <em><strong>Suplentes:<\/strong><\/em> Luciano Pisoni, Gonzalo Volpe, Adri\u00e1n Asurmendi y Juan Parisso.<\/p>\n<p><strong>GOL:<\/strong> PT 42\u2019 Quiroz (P) de penal.<br \/>\n<strong>CAMBIOS:<\/strong> Jos\u00e9 Mezzadra por Mauro Vigliarolo y Mart\u00edn Indart por Sebasti\u00e1n Rinaldini en Pabell\u00f3n. Cristian Sandoval por Francisco Bomaggio, Fernando Saba por Iv\u00e1n Pedrazza y Marcelo Becerra por Luciano Seragopi\u00e1n en Mercedes.<br \/>\n<strong>INCIDENCIAS:<\/strong> Expulsado en el ST: A los 30\u2019 Andr\u00e9s Lameiro en Pabell\u00f3n.<br \/>\n<strong>ARBITRO:<\/strong> Albano Yedro (AAM).<\/p>\n","protected":false},"excerpt":{"rendered":"<p>ESTUDIANTES -2- Nicol\u00e1s Borrasca, Maximiliano Lobos, Jer\u00f3nimo Luna, Mart\u00edn Colotta, Pablo Hern\u00e1ndez, David Avila, Luciano Apariente, Federico Mariella, Alfonso Castro, Nicol\u00e1s Puricelli y Andr\u00e9s Franco. DT: Rodolfo Parra. Suplentes: Juan Dur\u00e1n, Mat\u00edas Mariella y Mauro Filipini LOS PALOMETAS -0- Jos\u00e9 Ventura, Mariano Pueblas, Eduardo Libares, Facundo Quiroga, Mart\u00edn Pastor, Cesar Figueredo, Marcelo Olgu\u00edn, Federico Bassi, Diego Figueredo, Alejandro Huici y<\/p>\n","protected":false},"author":1,"featured_media":0,"comment_status":"open","ping_status":"open","sticky":false,"template":"","format":"standard","meta":{"footnotes":""},"categories":[4],"tags":[],"class_list":["post-1915","post","type-post","status-publish","format-standard","hentry","category-informaciongeneral"],"_links":{"self":[{"href":"https:\/\/ligamercedina.com\/web\/wp-json\/wp\/v2\/posts\/1915","targetHints":{"allow":["GET"]}}],"collection":[{"href":"https:\/\/ligamercedina.com\/web\/wp-json\/wp\/v2\/posts"}],"about":[{"href":"https:\/\/ligamercedina.com\/web\/wp-json\/wp\/v2\/types\/post"}],"author":[{"embeddable":true,"href":"https:\/\/ligamercedina.com\/web\/wp-json\/wp\/v2\/users\/1"}],"replies":[{"embeddable":true,"href":"https:\/\/ligamercedina.com\/web\/wp-json\/wp\/v2\/comments?post=1915"}],"version-history":[{"count":5,"href":"https:\/\/ligamercedina.com\/web\/wp-json\/wp\/v2\/posts\/1915\/revisions"}],"predecessor-version":[{"id":1919,"href":"https:\/\/ligamercedina.com\/web\/wp-json\/wp\/v2\/posts\/1915\/revisions\/1919"}],"wp:attachment":[{"href":"https:\/\/ligamercedina.com\/web\/wp-json\/wp\/v2\/media?parent=1915"}],"wp:term":[{"taxonomy":"category","embeddable":true,"href":"https:\/\/ligamercedina.com\/web\/wp-json\/wp\/v2\/categories?post=1915"},{"taxonomy":"post_tag","embeddable":true,"href":"https:\/\/ligamercedina.com\/web\/wp-json\/wp\/v2\/tags?post=1915"}],"curies":[{"name":"wp","href":"https:\/\/api.w.org\/{rel}","templated":true}]}}