{"id":19099,"date":"2017-07-03T21:28:38","date_gmt":"2017-07-04T00:28:38","guid":{"rendered":"https:\/\/ligamercedina.com\/web\/?p=19099"},"modified":"2017-07-05T23:34:30","modified_gmt":"2017-07-06T02:34:30","slug":"horarios-para-el-fin-de-semana-129","status":"publish","type":"post","link":"https:\/\/ligamercedina.com\/web\/horarios-para-el-fin-de-semana-129\/","title":{"rendered":"HORARIOS PARA EL FIN DE SEMANA"},"content":{"rendered":"<blockquote><p><strong>PRIMERA DIVISION<\/strong><\/p><\/blockquote>\n<p><em><strong>Final ida<\/strong><\/em><br \/>\nSe define el mi\u00e9rcoles por la noche de acuerdo a los resultados de semifinales<\/p>\n<blockquote><p><strong>RESERVA (Semifinales)<\/strong><\/p><\/blockquote>\n<p><em><strong>S\u00e1bado 8 de julio, cancha El Front\u00f3n<\/strong><\/em><br \/>\n13:00 hs. El Front\u00f3n Vs. V\u00e9lez Sarsfield<\/p>\n<p>A confirmar horario y d\u00eda, seg\u00fan  programaci\u00f3n Primera. Se jugar\u00e1 s\u00e1bado o domingo.<br \/>\nMercedes Vs. Atl\u00e9tico Marcos Paz<\/p>\n<blockquote><p><strong>INFANTIL<\/strong><\/p><\/blockquote>\n<p>Uni\u00f3n Vs. El Front\u00f3n, Quilmes Vs. Los Vascos, Ateneo Vs. Palometas,  Defensores Vs. V\u00e9lez<br \/>\nJuventud Vs. Mercedes \u201cA\u201d.<br \/>\n13 hs. Categor\u00eda Promocional<br \/>\n14 hs. Categor\u00eda 2008<br \/>\n15 hs. Categor\u00eda 2007<br \/>\n16 hs. Categor\u00eda 2006<\/p>\n<p>Mercedes Vs. Comunicaciones<br \/>\n12 hs. Categor\u00eda 2006<br \/>\n13 hs. Categor\u00eda Promocional<br \/>\n14 hs. Categor\u00eda 2008<br \/>\n15 hs. Categor\u00eda 2007<\/p>\n<blockquote><p><strong>JUVENIL<\/strong><\/p><\/blockquote>\n<p>Uni\u00f3n Vs. El Front\u00f3n,  Defensores Vs. V\u00e9lez, Estudiantes Vs. Pabell\u00f3n Argentino<br \/>\n11:00 hs. Categor\u00eda 2003<br \/>\n12:15 hs. Categor\u00eda 2004<br \/>\n13:30 hs. Categor\u00eda 2005<br \/>\n14:45 hs. Categor\u00eda 2002<br \/>\n16:00 hs. Categor\u00eda 5\u00aa<\/p>\n<p>Juventud Vs. Mercedes \u201cA\u201d<br \/>\n11:00 hs. Categor\u00eda 2003<br \/>\n12:15 hs. Categor\u00eda 2004<br \/>\n13:30 hs. Categor\u00eda 2005<br \/>\n14:45 hs. Categor\u00eda 2002<\/p>\n<p>Postergado<br \/>\nCategor\u00eda 5\u00aa<\/p>\n<p>Mercedes Vs. Comunicaciones<br \/>\n11:00 hs. Categor\u00eda 2003<br \/>\n12:15 hs. Categor\u00eda 2004<br \/>\n13:30 hs. Categor\u00eda 2005<br \/>\n14:45 hs. Categor\u00eda 2002<\/p>\n<p>Postergado<br \/>\nCategor\u00eda 5\u00aa<\/p>\n<p>Quilmes Vs. Los Vascos<br \/>\n11:00 hs. Categor\u00eda 2003<br \/>\n12:15 hs. Categor\u00eda 2004<br \/>\n13:30 hs. Categor\u00eda 2005<br \/>\n14:45 hs. Categor\u00eda 2002<\/p>\n<p>Ateneo Vs. Palometas<br \/>\n11:00 hs. Categor\u00eda 2005<br \/>\n12:15 hs. Categor\u00eda 2004<br \/>\n13:30 hs. Categor\u00eda 2002<\/p>\n<p>Postergado<br \/>\nCategor\u00eda 2003<\/p>\n<p><strong>*<\/strong> Se recuerda que para cambios de horarios debe existir mutuo acuerdo entre los clubes; y en raz\u00f3n que existen definiciones de t\u00edtulos, las modificaciones deben llevar el consentimiento de la Mesa Directiva de la Liga.<\/p>\n","protected":false},"excerpt":{"rendered":"<p>PRIMERA DIVISION Final ida Se define el mi\u00e9rcoles por la noche de acuerdo a los resultados de semifinales RESERVA (Semifinales) S\u00e1bado 8 de julio, cancha El Front\u00f3n 13:00 hs. El Front\u00f3n Vs. V\u00e9lez Sarsfield A confirmar horario y d\u00eda, seg\u00fan programaci\u00f3n Primera. Se jugar\u00e1 s\u00e1bado o domingo. Mercedes Vs. Atl\u00e9tico Marcos Paz INFANTIL Uni\u00f3n Vs. El Front\u00f3n, Quilmes Vs. Los<\/p>\n","protected":false},"author":2,"featured_media":0,"comment_status":"open","ping_status":"open","sticky":false,"template":"","format":"standard","meta":{"footnotes":""},"categories":[4],"tags":[],"class_list":["post-19099","post","type-post","status-publish","format-standard","hentry","category-informaciongeneral"],"_links":{"self":[{"href":"https:\/\/ligamercedina.com\/web\/wp-json\/wp\/v2\/posts\/19099","targetHints":{"allow":["GET"]}}],"collection":[{"href":"https:\/\/ligamercedina.com\/web\/wp-json\/wp\/v2\/posts"}],"about":[{"href":"https:\/\/ligamercedina.com\/web\/wp-json\/wp\/v2\/types\/post"}],"author":[{"embeddable":true,"href":"https:\/\/ligamercedina.com\/web\/wp-json\/wp\/v2\/users\/2"}],"replies":[{"embeddable":true,"href":"https:\/\/ligamercedina.com\/web\/wp-json\/wp\/v2\/comments?post=19099"}],"version-history":[{"count":5,"href":"https:\/\/ligamercedina.com\/web\/wp-json\/wp\/v2\/posts\/19099\/revisions"}],"predecessor-version":[{"id":19119,"href":"https:\/\/ligamercedina.com\/web\/wp-json\/wp\/v2\/posts\/19099\/revisions\/19119"}],"wp:attachment":[{"href":"https:\/\/ligamercedina.com\/web\/wp-json\/wp\/v2\/media?parent=19099"}],"wp:term":[{"taxonomy":"category","embeddable":true,"href":"https:\/\/ligamercedina.com\/web\/wp-json\/wp\/v2\/categories?post=19099"},{"taxonomy":"post_tag","embeddable":true,"href":"https:\/\/ligamercedina.com\/web\/wp-json\/wp\/v2\/tags?post=19099"}],"curies":[{"name":"wp","href":"https:\/\/api.w.org\/{rel}","templated":true}]}}