{"id":19060,"date":"2017-06-27T23:15:12","date_gmt":"2017-06-28T02:15:12","guid":{"rendered":"https:\/\/ligamercedina.com\/web\/?p=19060"},"modified":"2017-07-01T09:23:47","modified_gmt":"2017-07-01T12:23:47","slug":"horarios-para-el-fin-de-semana-128","status":"publish","type":"post","link":"https:\/\/ligamercedina.com\/web\/horarios-para-el-fin-de-semana-128\/","title":{"rendered":"HORARIOS PARA EL FIN DE SEMANA"},"content":{"rendered":"<blockquote><p><strong>PRIMERA DIVISION<\/strong><\/p><\/blockquote>\n<p>EL PROGRAMA DE LOS PARTIOS POR EL REDUCIDO SE PONDRA EL MIERCOLES POR LA NOCHE, UNA VEZ CONCLUIDOS LOS ENCUENTROS DE OCTAVOS DE FINAL.<\/p>\n<p><strong>Pendiente de fase regular<\/strong><br \/>\n<em><strong>S\u00e1bado 1 de julio, cancha Liga Mercedina<\/strong><\/em><br \/>\n18:00 hs. Trocha Vs. El Tim\u00f3n<\/p>\n<blockquote><p><strong>RESERVA (Postergados)<\/strong><\/p><\/blockquote>\n<p><em><strong>S\u00e1bado 1 de julio, cancha Ateneo<\/strong><\/em><br \/>\n13:00 hs. Mercedes Vs. Juventud<br \/>\n15:00 hs. V\u00e9lez Vs. El Front\u00f3n<\/p>\n<p><em><strong>S\u00e1bado 1 de julio, cancha Liga Mercedina<\/strong><\/em><br \/>\n15:00 hs. Comunicaciones Vs. A.M.E.F.I.P.<\/p>\n<blockquote><p><strong>INFANTIL<\/strong><\/p><\/blockquote>\n<p>V\u00e9lez Vs. Juventud, Palometas Vs. Estudiantes,  Los Vascos Vs. Ateneo, Mercedes Vs. Uni\u00f3n, Comunicaciones Vs. Mercedes \u201cA\u201d.<br \/>\n13 hs. Categor\u00eda Promocional<br \/>\n14 hs. Categor\u00eda 2008<br \/>\n15 hs. Categor\u00eda 2007<br \/>\n16 hs. Categor\u00eda 2006<\/p>\n<p>El Front\u00f3n Vs. Quilmes<br \/>\n13 hs. Categor\u00eda 2006<br \/>\n14 hs. Categor\u00eda Promocional<br \/>\n15 hs. Categor\u00eda 2008<br \/>\n16 hs. Categor\u00eda 2007<\/p>\n<blockquote><p><strong>JUVENIL<\/strong><\/p><\/blockquote>\n<p>V\u00e9lez Vs. Juventud,  Mercedes Vs. Uni\u00f3n, Comunicaciones Vs. Mercedes \u201cA\u201d<br \/>\n11:00 hs. Categor\u00eda 2003<br \/>\n12:15 hs. Categor\u00eda 2004<br \/>\n13:30 hs. Categor\u00eda 2005<br \/>\n14:45 hs. Categor\u00eda 2002<br \/>\n16:00 hs. Categor\u00eda 5\u00aa<\/p>\n<p>El Front\u00f3n Vs. Quilmes<br \/>\n11:00 hs. Categor\u00eda 2003<br \/>\n12:15 hs. Categor\u00eda 5a<br \/>\n13:45 hs. Categor\u00eda 2004<br \/>\n15:00 hs. Categor\u00eda 2005<br \/>\n16:15 hs. Categor\u00eda 2002<\/p>\n<p>Los Vascos Vs. Ateneo<br \/>\n12:15 hs. Categor\u00eda 2004<br \/>\n13:30 hs. Categor\u00eda 2005<br \/>\n14:45 hs. Categor\u00eda 2002<\/p>\n<p>Categor\u00eda 2003 -Postergado-<\/p>\n<p>Palometas Vs. Estudiantes<br \/>\n11:00 hs. Categor\u00eda 2003<br \/>\n12:15 hs. Categor\u00eda 2004<br \/>\n13:30 hs. Categor\u00eda 2005<br \/>\n14:45 hs. Categor\u00eda 2002<\/p>\n<p>Pabell\u00f3n Arg. Vs. Defensores<br \/>\n11:00 hs. Categor\u00eda 2003<br \/>\n12:15 hs. Categor\u00eda 2004<br \/>\n13:30 hs. Categor\u00eda 2005<br \/>\n14:45 hs. Categor\u00eda 2002<br \/>\n16:00 hs. Categor\u00eda 5\u00aa<\/p>\n","protected":false},"excerpt":{"rendered":"<p>PRIMERA DIVISION EL PROGRAMA DE LOS PARTIOS POR EL REDUCIDO SE PONDRA EL MIERCOLES POR LA NOCHE, UNA VEZ CONCLUIDOS LOS ENCUENTROS DE OCTAVOS DE FINAL. Pendiente de fase regular S\u00e1bado 1 de julio, cancha Liga Mercedina 18:00 hs. Trocha Vs. El Tim\u00f3n RESERVA (Postergados) S\u00e1bado 1 de julio, cancha Ateneo 13:00 hs. Mercedes Vs. Juventud 15:00 hs. V\u00e9lez Vs.<\/p>\n","protected":false},"author":2,"featured_media":0,"comment_status":"open","ping_status":"open","sticky":false,"template":"","format":"standard","meta":{"footnotes":""},"categories":[4],"tags":[],"class_list":["post-19060","post","type-post","status-publish","format-standard","hentry","category-informaciongeneral"],"_links":{"self":[{"href":"https:\/\/ligamercedina.com\/web\/wp-json\/wp\/v2\/posts\/19060","targetHints":{"allow":["GET"]}}],"collection":[{"href":"https:\/\/ligamercedina.com\/web\/wp-json\/wp\/v2\/posts"}],"about":[{"href":"https:\/\/ligamercedina.com\/web\/wp-json\/wp\/v2\/types\/post"}],"author":[{"embeddable":true,"href":"https:\/\/ligamercedina.com\/web\/wp-json\/wp\/v2\/users\/2"}],"replies":[{"embeddable":true,"href":"https:\/\/ligamercedina.com\/web\/wp-json\/wp\/v2\/comments?post=19060"}],"version-history":[{"count":3,"href":"https:\/\/ligamercedina.com\/web\/wp-json\/wp\/v2\/posts\/19060\/revisions"}],"predecessor-version":[{"id":19078,"href":"https:\/\/ligamercedina.com\/web\/wp-json\/wp\/v2\/posts\/19060\/revisions\/19078"}],"wp:attachment":[{"href":"https:\/\/ligamercedina.com\/web\/wp-json\/wp\/v2\/media?parent=19060"}],"wp:term":[{"taxonomy":"category","embeddable":true,"href":"https:\/\/ligamercedina.com\/web\/wp-json\/wp\/v2\/categories?post=19060"},{"taxonomy":"post_tag","embeddable":true,"href":"https:\/\/ligamercedina.com\/web\/wp-json\/wp\/v2\/tags?post=19060"}],"curies":[{"name":"wp","href":"https:\/\/api.w.org\/{rel}","templated":true}]}}