{"id":19021,"date":"2017-06-25T22:49:23","date_gmt":"2017-06-26T01:49:23","guid":{"rendered":"https:\/\/ligamercedina.com\/web\/?p=19021"},"modified":"2017-06-25T22:49:23","modified_gmt":"2017-06-26T01:49:23","slug":"futbol-femenino-resultados-de-todas-las-divisiones","status":"publish","type":"post","link":"https:\/\/ligamercedina.com\/web\/futbol-femenino-resultados-de-todas-las-divisiones\/","title":{"rendered":"FUTBOL FEMENINO: RESULTADOS DE TODAS LAS DIVISIONES"},"content":{"rendered":"<blockquote><p><strong>PRIMERA DIVISION<\/strong><\/p><\/blockquote>\n<p><strong>ENVI\u00d3N MERCEDES -1-;<\/strong> Johana Zu\u00f1iga<br \/>\n<strong>V\u00c9LEZ SARSFIELD -3-;<\/strong> Melany G\u00f3mez (2), Florencia Lucero<\/p>\n<p><strong>UNI\u00d3N -0-<br \/>\nESTUDIANTES -2-;<\/strong> Vanesa D\u00edaz, Julieta Olivieri<\/p>\n<p><strong>DEFENSORES -1-;<\/strong> Mar\u00eda L\u00f3pez<br \/>\n<strong>CLUB MERCEDES -2-;<\/strong> Ana Brea, Milagros Gauna\t<\/p>\n<blockquote><p><strong>SUB 17<\/strong><\/p><\/blockquote>\n<p><strong>ALFA: -1-;<\/strong> Evelin Villegas<br \/>\n<strong>COMUNICACIONES: -2-;<\/strong> Sof\u00eda Crivella, Macarena Paj\u00f3n<\/p>\n<blockquote><p><strong>SUB 15<\/strong><\/p><\/blockquote>\n<p><strong>ALFA: -0-<br \/>\nVELEZ SARSFIELD: -0-<\/strong><\/p>\n<p><strong>DEFENSORES JUNIORS: -6-;<\/strong> Gabriela Gorosito, Kiara Leguizam\u00f3n (2), Tamara Ortubia (3)<br \/>\n<strong>COMUNICACIONES: -0-<\/strong><\/p>\n<blockquote><p><strong>SUB 13<\/strong><\/p><\/blockquote>\n<p><strong>DEFENSORES: -2-;<\/strong> Oriana Dulci, Brisa Maldonado<br \/>\n<strong>ESTUDIANTES: -1-;<\/strong> Gabriela L\u00f3pez Camelo<\/p>\n<p><strong>ALFA: -1-;<\/strong> M\u00eda Quiroga<br \/>\n<strong>VELEZ SARSFIELD: -0-<\/strong><\/p>\n","protected":false},"excerpt":{"rendered":"<p>PRIMERA DIVISION ENVI\u00d3N MERCEDES -1-; Johana Zu\u00f1iga V\u00c9LEZ SARSFIELD -3-; Melany G\u00f3mez (2), Florencia Lucero UNI\u00d3N -0- ESTUDIANTES -2-; Vanesa D\u00edaz, Julieta Olivieri DEFENSORES -1-; Mar\u00eda L\u00f3pez CLUB MERCEDES -2-; Ana Brea, Milagros Gauna SUB 17 ALFA: -1-; Evelin Villegas COMUNICACIONES: -2-; Sof\u00eda Crivella, Macarena Paj\u00f3n SUB 15 ALFA: -0- VELEZ SARSFIELD: -0- DEFENSORES JUNIORS: -6-; Gabriela Gorosito, Kiara Leguizam\u00f3n<\/p>\n","protected":false},"author":2,"featured_media":0,"comment_status":"open","ping_status":"open","sticky":false,"template":"","format":"standard","meta":{"footnotes":""},"categories":[4],"tags":[],"class_list":["post-19021","post","type-post","status-publish","format-standard","hentry","category-informaciongeneral"],"_links":{"self":[{"href":"https:\/\/ligamercedina.com\/web\/wp-json\/wp\/v2\/posts\/19021","targetHints":{"allow":["GET"]}}],"collection":[{"href":"https:\/\/ligamercedina.com\/web\/wp-json\/wp\/v2\/posts"}],"about":[{"href":"https:\/\/ligamercedina.com\/web\/wp-json\/wp\/v2\/types\/post"}],"author":[{"embeddable":true,"href":"https:\/\/ligamercedina.com\/web\/wp-json\/wp\/v2\/users\/2"}],"replies":[{"embeddable":true,"href":"https:\/\/ligamercedina.com\/web\/wp-json\/wp\/v2\/comments?post=19021"}],"version-history":[{"count":1,"href":"https:\/\/ligamercedina.com\/web\/wp-json\/wp\/v2\/posts\/19021\/revisions"}],"predecessor-version":[{"id":19022,"href":"https:\/\/ligamercedina.com\/web\/wp-json\/wp\/v2\/posts\/19021\/revisions\/19022"}],"wp:attachment":[{"href":"https:\/\/ligamercedina.com\/web\/wp-json\/wp\/v2\/media?parent=19021"}],"wp:term":[{"taxonomy":"category","embeddable":true,"href":"https:\/\/ligamercedina.com\/web\/wp-json\/wp\/v2\/categories?post=19021"},{"taxonomy":"post_tag","embeddable":true,"href":"https:\/\/ligamercedina.com\/web\/wp-json\/wp\/v2\/tags?post=19021"}],"curies":[{"name":"wp","href":"https:\/\/api.w.org\/{rel}","templated":true}]}}