{"id":18960,"date":"2017-06-19T00:29:14","date_gmt":"2017-06-19T03:29:14","guid":{"rendered":"https:\/\/ligamercedina.com\/web\/?p=18960"},"modified":"2017-06-19T18:57:19","modified_gmt":"2017-06-19T21:57:19","slug":"jugadores-suspendidos-3","status":"publish","type":"post","link":"https:\/\/ligamercedina.com\/web\/jugadores-suspendidos-3\/","title":{"rendered":"JUGADORES SUSPENDIDOS"},"content":{"rendered":"<p>Atento a los partidos disputados entre viernes y s\u00e1bado por los torneos de Reserva y Primera Divisi\u00f3n, y teniendo en cuenta que este martes habr\u00e1 de jugarse una fecha completa, surge que est\u00e1n suspendidos de manera provisoria los siguientes jugadores<\/p>\n<p><strong>Por expulsi\u00f3n<\/strong><br \/>\nAvelar, Ezquiel (Merecedes)<br \/>\nP\u00e9rez Nicol\u00e1s (Ateneo)<br \/>\nSaucedo An\u00edbal (Defensores)<br \/>\nBaigorria, Facundo (Defensores)<br \/>\nNavarro, Ger\u00f3nimo (Comunicaciones)<br \/>\nRam\u00edrez, Juli\u00e1n (Pabell\u00f3n Argentino)<br \/>\nPonce, Juan (Ateneo)<br \/>\nDono Mat\u00edas (Ateneo)<br \/>\nCulicino, Manuel (Ateneo)<\/p>\n<p><strong>Por 5a amonestaci\u00f3n<\/strong><br \/>\nLacroux, Ezequiel (Pabell\u00f3n Argentino)<br \/>\nGussoni, Pedro (Front\u00f3n)<br \/>\nColicigno, Joaqu\u00edn (Estudiantes)<br \/>\nBlanco, Federico (Mercedes)<br \/>\nSantana, Nahuel (Front\u00f3n)<br \/>\nHeredia, Facundo (Atl. Marcos Paz)<br \/>\nTorres, Franco (Comunicaciones)<br \/>\nCastelano, Gonzalo (Pabell\u00f3n Argentino)<br \/>\nFerreyra, Leandro (Defensores)<br \/>\nMilo, Diego (A.M.E.F.I.P.)<br \/>\nCalabria, Patricio (A.M.E.F.I.P.)<\/p>\n<p>* Se recuerda que de existir alg\u00fan jugador que hubiera sido expulsado en la mencionada jornada del fin de semana y no aparece en el listado, de igual manera no podr\u00e1 jugar.<br \/>\nAdem\u00e1s, se agrega que de existir jugadores que hubieran sido  expulsados en divisiones inferiores, no podr\u00e1n actuar el d\u00eda martes en partido alguno.<\/p>\n","protected":false},"excerpt":{"rendered":"<p>Atento a los partidos disputados entre viernes y s\u00e1bado por los torneos de Reserva y Primera Divisi\u00f3n, y teniendo en cuenta que este martes habr\u00e1 de jugarse una fecha completa, surge que est\u00e1n suspendidos de manera provisoria los siguientes jugadores Por expulsi\u00f3n Avelar, Ezquiel (Merecedes) P\u00e9rez Nicol\u00e1s (Ateneo) Saucedo An\u00edbal (Defensores) Baigorria, Facundo (Defensores) Navarro, Ger\u00f3nimo (Comunicaciones) Ram\u00edrez, Juli\u00e1n (Pabell\u00f3n<\/p>\n","protected":false},"author":2,"featured_media":0,"comment_status":"open","ping_status":"open","sticky":false,"template":"","format":"standard","meta":{"footnotes":""},"categories":[4],"tags":[],"class_list":["post-18960","post","type-post","status-publish","format-standard","hentry","category-informaciongeneral"],"_links":{"self":[{"href":"https:\/\/ligamercedina.com\/web\/wp-json\/wp\/v2\/posts\/18960","targetHints":{"allow":["GET"]}}],"collection":[{"href":"https:\/\/ligamercedina.com\/web\/wp-json\/wp\/v2\/posts"}],"about":[{"href":"https:\/\/ligamercedina.com\/web\/wp-json\/wp\/v2\/types\/post"}],"author":[{"embeddable":true,"href":"https:\/\/ligamercedina.com\/web\/wp-json\/wp\/v2\/users\/2"}],"replies":[{"embeddable":true,"href":"https:\/\/ligamercedina.com\/web\/wp-json\/wp\/v2\/comments?post=18960"}],"version-history":[{"count":2,"href":"https:\/\/ligamercedina.com\/web\/wp-json\/wp\/v2\/posts\/18960\/revisions"}],"predecessor-version":[{"id":18962,"href":"https:\/\/ligamercedina.com\/web\/wp-json\/wp\/v2\/posts\/18960\/revisions\/18962"}],"wp:attachment":[{"href":"https:\/\/ligamercedina.com\/web\/wp-json\/wp\/v2\/media?parent=18960"}],"wp:term":[{"taxonomy":"category","embeddable":true,"href":"https:\/\/ligamercedina.com\/web\/wp-json\/wp\/v2\/categories?post=18960"},{"taxonomy":"post_tag","embeddable":true,"href":"https:\/\/ligamercedina.com\/web\/wp-json\/wp\/v2\/tags?post=18960"}],"curies":[{"name":"wp","href":"https:\/\/api.w.org\/{rel}","templated":true}]}}