{"id":189,"date":"2007-08-08T12:17:02","date_gmt":"2007-08-08T15:17:02","guid":{"rendered":"https:\/\/ligamercedina.com\/?p=189"},"modified":"2007-08-08T12:17:02","modified_gmt":"2007-08-08T15:17:02","slug":"urgente-convocan-a-para-este-jeuves-a-una-reunion-de-presidentes-de-primera-divison","status":"publish","type":"post","link":"https:\/\/ligamercedina.com\/web\/urgente-convocan-a-para-este-jeuves-a-una-reunion-de-presidentes-de-primera-divison\/","title":{"rendered":"URGENTE: CONVOCAN A PARA ESTE JUEVES A UNA REUNION DE PRESIDENTES DE PRIMERA DIVISION"},"content":{"rendered":"<blockquote><p><strong>En la ma\u00f1ana de este mi\u00e9rcoles, los m\u00e1ximos dirigentes de la Liga Mercedina informaron que ma\u00f1ana jueves se realizar\u00e1 una importante reuni\u00f3n en sede de la Liga, ubicada en calle 31 entre 32 y 34.<br \/>\nDos son los motivos de este encuentro; el primero, a partir de las 18:30, se analizar\u00e1 y definir\u00e1 la forma de juego de las fechas de los dos fines de semanas pr\u00f3ximos.<br \/>\nEn tanto, desde las 19:30 horas, habr\u00e1 un encuentro con el Presidente de la Federaci\u00f3n Norte de F\u00fatbol, Dar\u00edo Ramuno, quien llegar\u00e1 a Mercedes acompa\u00f1ado de otros dirigentes de dicha instituci\u00f3n, para tratar importantes novedades que tienen que ver con la  actividad futbol\u00edstica.<\/p>\n<p>Para dicha reuni\u00f3n se convoca a los Presidentes de cada una de las instituciones, y de no ser posible su presencia, los clubes deber\u00e1n enviar UN delegado.<\/p>\n<p>A trav\u00e9s de esta p\u00e1gina se convoca a todos aquellos presidentes que no hayan recibido la comunicaci\u00f3n tel\u00e9fonica, debiendo asistir a la sede de la Liga a las 18:30 horas, CON PUNTUALIDAD<\/strong><\/p><\/blockquote>\n","protected":false},"excerpt":{"rendered":"<p>En la ma\u00f1ana de este mi\u00e9rcoles, los m\u00e1ximos dirigentes de la Liga Mercedina informaron que ma\u00f1ana jueves se realizar\u00e1 una importante reuni\u00f3n en sede de la Liga, ubicada en calle 31 entre 32 y 34. Dos son los motivos de este encuentro; el primero, a partir de las 18:30, se analizar\u00e1 y definir\u00e1 la forma de juego de las fechas<\/p>\n","protected":false},"author":1,"featured_media":0,"comment_status":"open","ping_status":"open","sticky":false,"template":"","format":"standard","meta":{"footnotes":""},"categories":[4],"tags":[],"class_list":["post-189","post","type-post","status-publish","format-standard","hentry","category-informaciongeneral"],"_links":{"self":[{"href":"https:\/\/ligamercedina.com\/web\/wp-json\/wp\/v2\/posts\/189","targetHints":{"allow":["GET"]}}],"collection":[{"href":"https:\/\/ligamercedina.com\/web\/wp-json\/wp\/v2\/posts"}],"about":[{"href":"https:\/\/ligamercedina.com\/web\/wp-json\/wp\/v2\/types\/post"}],"author":[{"embeddable":true,"href":"https:\/\/ligamercedina.com\/web\/wp-json\/wp\/v2\/users\/1"}],"replies":[{"embeddable":true,"href":"https:\/\/ligamercedina.com\/web\/wp-json\/wp\/v2\/comments?post=189"}],"version-history":[{"count":0,"href":"https:\/\/ligamercedina.com\/web\/wp-json\/wp\/v2\/posts\/189\/revisions"}],"wp:attachment":[{"href":"https:\/\/ligamercedina.com\/web\/wp-json\/wp\/v2\/media?parent=189"}],"wp:term":[{"taxonomy":"category","embeddable":true,"href":"https:\/\/ligamercedina.com\/web\/wp-json\/wp\/v2\/categories?post=189"},{"taxonomy":"post_tag","embeddable":true,"href":"https:\/\/ligamercedina.com\/web\/wp-json\/wp\/v2\/tags?post=189"}],"curies":[{"name":"wp","href":"https:\/\/api.w.org\/{rel}","templated":true}]}}