{"id":18798,"date":"2017-05-31T13:38:50","date_gmt":"2017-05-31T16:38:50","guid":{"rendered":"https:\/\/ligamercedina.com\/web\/?p=18798"},"modified":"2017-05-31T13:38:50","modified_gmt":"2017-05-31T16:38:50","slug":"luto","status":"publish","type":"post","link":"https:\/\/ligamercedina.com\/web\/luto\/","title":{"rendered":"LUTO"},"content":{"rendered":"<p><strong>La Liga Mercedina comunica que en el d\u00eda de hoy falleci\u00f3 Carlos Chaparro, Director T\u00e9cnico de la Categor\u00eda 2002 del club Defensores Juniors.<\/p>\n<p>Por este medio env\u00eda las condolencias a familiares y amigos, haci\u00e9ndolo extensivo a la comunidad de nuestro Club afiliado.<\/strong><\/p>\n","protected":false},"excerpt":{"rendered":"<p>La Liga Mercedina comunica que en el d\u00eda de hoy falleci\u00f3 Carlos Chaparro, Director T\u00e9cnico de la Categor\u00eda 2002 del club Defensores Juniors. Por este medio env\u00eda las condolencias a familiares y amigos, haci\u00e9ndolo extensivo a la comunidad de nuestro Club afiliado.<\/p>\n","protected":false},"author":2,"featured_media":0,"comment_status":"open","ping_status":"open","sticky":false,"template":"","format":"standard","meta":{"footnotes":""},"categories":[4],"tags":[],"class_list":["post-18798","post","type-post","status-publish","format-standard","hentry","category-informaciongeneral"],"_links":{"self":[{"href":"https:\/\/ligamercedina.com\/web\/wp-json\/wp\/v2\/posts\/18798","targetHints":{"allow":["GET"]}}],"collection":[{"href":"https:\/\/ligamercedina.com\/web\/wp-json\/wp\/v2\/posts"}],"about":[{"href":"https:\/\/ligamercedina.com\/web\/wp-json\/wp\/v2\/types\/post"}],"author":[{"embeddable":true,"href":"https:\/\/ligamercedina.com\/web\/wp-json\/wp\/v2\/users\/2"}],"replies":[{"embeddable":true,"href":"https:\/\/ligamercedina.com\/web\/wp-json\/wp\/v2\/comments?post=18798"}],"version-history":[{"count":1,"href":"https:\/\/ligamercedina.com\/web\/wp-json\/wp\/v2\/posts\/18798\/revisions"}],"predecessor-version":[{"id":18799,"href":"https:\/\/ligamercedina.com\/web\/wp-json\/wp\/v2\/posts\/18798\/revisions\/18799"}],"wp:attachment":[{"href":"https:\/\/ligamercedina.com\/web\/wp-json\/wp\/v2\/media?parent=18798"}],"wp:term":[{"taxonomy":"category","embeddable":true,"href":"https:\/\/ligamercedina.com\/web\/wp-json\/wp\/v2\/categories?post=18798"},{"taxonomy":"post_tag","embeddable":true,"href":"https:\/\/ligamercedina.com\/web\/wp-json\/wp\/v2\/tags?post=18798"}],"curies":[{"name":"wp","href":"https:\/\/api.w.org\/{rel}","templated":true}]}}