{"id":18782,"date":"2017-05-28T23:02:26","date_gmt":"2017-05-29T02:02:26","guid":{"rendered":"https:\/\/ligamercedina.com\/web\/?p=18782"},"modified":"2017-05-28T23:03:58","modified_gmt":"2017-05-29T02:03:58","slug":"resultados-futbol-femenino","status":"publish","type":"post","link":"https:\/\/ligamercedina.com\/web\/resultados-futbol-femenino\/","title":{"rendered":"RESULTADOS FUTBOL FEMENINO: ARRANCARON LAS INFERIORES"},"content":{"rendered":"<p><a href=\"https:\/\/ligamercedina.com\/web\/wp-content\/uploads\/2017\/05\/DSC07743.jpg\"><img loading=\"lazy\" decoding=\"async\" src=\"https:\/\/ligamercedina.com\/web\/wp-content\/uploads\/2017\/05\/DSC07743.jpg\" alt=\"DSC07743\" width=\"2226\" height=\"1354\" class=\"aligncenter size-full wp-image-18783\" srcset=\"https:\/\/ligamercedina.com\/web\/wp-content\/uploads\/2017\/05\/DSC07743.jpg 2226w, https:\/\/ligamercedina.com\/web\/wp-content\/uploads\/2017\/05\/DSC07743-300x182.jpg 300w, https:\/\/ligamercedina.com\/web\/wp-content\/uploads\/2017\/05\/DSC07743-768x467.jpg 768w, https:\/\/ligamercedina.com\/web\/wp-content\/uploads\/2017\/05\/DSC07743-1024x623.jpg 1024w\" sizes=\"auto, (max-width: 2226px) 100vw, 2226px\" \/><\/a> <strong>Categor\u00eda SUB 13 Estudiantes<\/strong><\/p>\n<blockquote><p><strong>Resultados Sub 17<\/strong><\/p><\/blockquote>\n<p><strong>ALFA: -0-<\/strong><br \/>\n<strong>COMUNICACIONES: -1-;<\/strong> Sof\u00eda Crivella<\/p>\n<blockquote><p><strong>Resultados Sub 15<\/strong><\/p><\/blockquote>\n<p><strong>ALFA: -1-;<\/strong> Mayra Iba\u00f1a<br \/>\n<strong>DEFENSORES: -1-;<\/strong> Tamara Ortubia<\/p>\n<p><strong>VELEZ: -4-;<\/strong> Ludmila Benedetti (2), Yasmin Crema, Luc\u00eda Potes<br \/>\n<strong>COMUNICACIONES: -0-<\/strong><\/p>\n<blockquote><p><strong>Resultados Sub 13<\/strong><\/p><\/blockquote>\n<p><strong>VELEZ: -0-<\/strong><br \/>\n<strong>ESTUDIANTES: -4-;<\/strong> Valentina Alfano, Anna Minetti, Julieta Nieves, Nazarena Viola<\/p>\n<p><strong>ALFA: -2-;<\/strong> Daniela Zagardoy (2)<br \/>\n<strong>DEFENSORES: -0-<\/strong><\/p>\n","protected":false},"excerpt":{"rendered":"<p>Categor\u00eda SUB 13 Estudiantes Resultados Sub 17 ALFA: -0- COMUNICACIONES: -1-; Sof\u00eda Crivella Resultados Sub 15 ALFA: -1-; Mayra Iba\u00f1a DEFENSORES: -1-; Tamara Ortubia VELEZ: -4-; Ludmila Benedetti (2), Yasmin Crema, Luc\u00eda Potes COMUNICACIONES: -0- Resultados Sub 13 VELEZ: -0- ESTUDIANTES: -4-; Valentina Alfano, Anna Minetti, Julieta Nieves, Nazarena Viola ALFA: -2-; Daniela Zagardoy (2) DEFENSORES: -0-<\/p>\n","protected":false},"author":2,"featured_media":0,"comment_status":"open","ping_status":"open","sticky":false,"template":"","format":"standard","meta":{"footnotes":""},"categories":[4],"tags":[],"class_list":["post-18782","post","type-post","status-publish","format-standard","hentry","category-informaciongeneral"],"_links":{"self":[{"href":"https:\/\/ligamercedina.com\/web\/wp-json\/wp\/v2\/posts\/18782","targetHints":{"allow":["GET"]}}],"collection":[{"href":"https:\/\/ligamercedina.com\/web\/wp-json\/wp\/v2\/posts"}],"about":[{"href":"https:\/\/ligamercedina.com\/web\/wp-json\/wp\/v2\/types\/post"}],"author":[{"embeddable":true,"href":"https:\/\/ligamercedina.com\/web\/wp-json\/wp\/v2\/users\/2"}],"replies":[{"embeddable":true,"href":"https:\/\/ligamercedina.com\/web\/wp-json\/wp\/v2\/comments?post=18782"}],"version-history":[{"count":3,"href":"https:\/\/ligamercedina.com\/web\/wp-json\/wp\/v2\/posts\/18782\/revisions"}],"predecessor-version":[{"id":18786,"href":"https:\/\/ligamercedina.com\/web\/wp-json\/wp\/v2\/posts\/18782\/revisions\/18786"}],"wp:attachment":[{"href":"https:\/\/ligamercedina.com\/web\/wp-json\/wp\/v2\/media?parent=18782"}],"wp:term":[{"taxonomy":"category","embeddable":true,"href":"https:\/\/ligamercedina.com\/web\/wp-json\/wp\/v2\/categories?post=18782"},{"taxonomy":"post_tag","embeddable":true,"href":"https:\/\/ligamercedina.com\/web\/wp-json\/wp\/v2\/tags?post=18782"}],"curies":[{"name":"wp","href":"https:\/\/api.w.org\/{rel}","templated":true}]}}