{"id":186,"date":"2007-08-07T11:31:13","date_gmt":"2007-08-07T14:31:13","guid":{"rendered":"https:\/\/ligamercedina.com\/?p=186"},"modified":"2007-08-07T11:31:13","modified_gmt":"2007-08-07T14:31:13","slug":"san-marcos-club-mercedes-sera-el-unico-partido-del-fin-de-semana-en-primera","status":"publish","type":"post","link":"https:\/\/ligamercedina.com\/web\/san-marcos-club-mercedes-sera-el-unico-partido-del-fin-de-semana-en-primera\/","title":{"rendered":"SAN MARCOS &#8211; CLUB MERCEDES SER\u00c1 EL UNICO PARTIDO DEL FIN DE SEMANA EN PRIMERA"},"content":{"rendered":"<p>En la noche de este lunes, los dirigentes de la Liga Mercedina tomaron la determinaci\u00f3n de que el pr\u00f3ximo fin de semana se juegue por el Torneo de Primera el partido pendiente entre San Marcos F\u00fatbol Club y Club Mercedes.<br \/>\nEl motivo de ello obedeci\u00f3 a la transparencia en la definici\u00f3n del certamen, y que no existan especulaciones con respecto a futuros enfrentamientos.<\/p>\n<p>Esta determinaci\u00f3n, tambi\u00e9n sum\u00f3 la definici\u00f3n de jugar dos fechas completas al fin de semana siguiente, teniendo en cuenta que el Torneo de Primera debe terminar en tiempo para el comienzo del Tres Ligas.<\/p>\n<p>De esta forma, el s\u00e1bado 18 de agosto se jugar\u00e1 la 5a fecha con estos horarios:<br \/>\n<em><strong>En Marcos Paz: 15:30 hs.<\/strong><\/em><br \/>\nUni\u00f3n Vs. Estudiantes<br \/>\nPabell\u00f3n Argentino Vs. Quilmes<\/p>\n<p><em><strong>En cancha de la Liga<\/strong><\/em><br \/>\n14 hs. San Jos\u00e9 Vs. San Marcos<br \/>\n16 hs. Club Mercedes Vs. Juventud<\/p>\n<p><strong>LUNES 20<\/strong><br \/>\n<em><strong>En Marcos Paz: 15:30 hs.<\/strong><\/em><br \/>\nSan Marcos Vs. V\u00e9lez<\/p>\n<p><em><strong>En Suipacha: 15:30 hs.<\/strong><\/em><br \/>\nJuventud Vs. San Jos\u00e9<\/p>\n<p><strong><em>En la Liga<\/em><\/strong><br \/>\n11 hs. Quilmes Vs. Club Mercedes<br \/>\n13 hs. Estudiantes Vs. Pabell\u00f3n Argentino<br \/>\n15 hs. Palometas Vs. Uni\u00f3n de Marcos Paz.<\/p>\n<p><strong>TERCERA DIVISION: S\u00e1bado 11 de agosto<\/strong><\/p>\n<p><strong><em>Cancha Estudiantes: 13:30 hs.<\/em><\/strong><br \/>\nEstudiantes Vs. Juventud<\/p>\n<p><em><strong>Cancha Ateneo<\/strong><\/em><br \/>\n13:30 V\u00e9lez Vs. Palometas<br \/>\n15:30 Mercedes Vs. Ateneo<\/p>\n<p><strong>FUTBOL INFANTIL: S\u00e1bado 11  &#8211; PARTIDOS PENDIENTES &#8211; <\/strong><\/p>\n<p>Mercedes Vs. Mercedes \u00abA\u00bb<\/p>\n<p>13:45 hs. Categor\u00eda 93<br \/>\n15:00 hs. Categor\u00eda 92<br \/>\n16:15 hs. Categor\u00eda 90-91<\/p>\n","protected":false},"excerpt":{"rendered":"<p>En la noche de este lunes, los dirigentes de la Liga Mercedina tomaron la determinaci\u00f3n de que el pr\u00f3ximo fin de semana se juegue por el Torneo de Primera el partido pendiente entre San Marcos F\u00fatbol Club y Club Mercedes. El motivo de ello obedeci\u00f3 a la transparencia en la definici\u00f3n del certamen, y que no existan especulaciones con respecto<\/p>\n","protected":false},"author":1,"featured_media":0,"comment_status":"open","ping_status":"open","sticky":false,"template":"","format":"standard","meta":{"footnotes":""},"categories":[4],"tags":[],"class_list":["post-186","post","type-post","status-publish","format-standard","hentry","category-informaciongeneral"],"_links":{"self":[{"href":"https:\/\/ligamercedina.com\/web\/wp-json\/wp\/v2\/posts\/186","targetHints":{"allow":["GET"]}}],"collection":[{"href":"https:\/\/ligamercedina.com\/web\/wp-json\/wp\/v2\/posts"}],"about":[{"href":"https:\/\/ligamercedina.com\/web\/wp-json\/wp\/v2\/types\/post"}],"author":[{"embeddable":true,"href":"https:\/\/ligamercedina.com\/web\/wp-json\/wp\/v2\/users\/1"}],"replies":[{"embeddable":true,"href":"https:\/\/ligamercedina.com\/web\/wp-json\/wp\/v2\/comments?post=186"}],"version-history":[{"count":0,"href":"https:\/\/ligamercedina.com\/web\/wp-json\/wp\/v2\/posts\/186\/revisions"}],"wp:attachment":[{"href":"https:\/\/ligamercedina.com\/web\/wp-json\/wp\/v2\/media?parent=186"}],"wp:term":[{"taxonomy":"category","embeddable":true,"href":"https:\/\/ligamercedina.com\/web\/wp-json\/wp\/v2\/categories?post=186"},{"taxonomy":"post_tag","embeddable":true,"href":"https:\/\/ligamercedina.com\/web\/wp-json\/wp\/v2\/tags?post=186"}],"curies":[{"name":"wp","href":"https:\/\/api.w.org\/{rel}","templated":true}]}}