{"id":18585,"date":"2017-05-02T22:23:07","date_gmt":"2017-05-03T01:23:07","guid":{"rendered":"https:\/\/ligamercedina.com\/web\/?p=18585"},"modified":"2017-05-04T15:51:44","modified_gmt":"2017-05-04T18:51:44","slug":"horarios-para-el-fin-de-semana-123","status":"publish","type":"post","link":"https:\/\/ligamercedina.com\/web\/horarios-para-el-fin-de-semana-123\/","title":{"rendered":"HORARIOS PARA EL FIN DE SEMANA"},"content":{"rendered":"<blockquote><p><strong>PRIMERA DIVISION<\/strong><\/p><\/blockquote>\n<p><em><strong>S\u00e1bado 6 de mayo, cancha Liga Mercedina<\/strong><\/em><br \/>\n17:00 hs. Mercedes Vs. Pabell\u00f3n Argentino<br \/>\n19:00 hs. Defensores Jrs. Vs. Atl\u00e9tico Marcos Paz<\/p>\n<p><em><strong>Domingo 7 de mayo, cancha Liga Mercedina<\/strong><\/em><br \/>\n13:00 hs. El Tim\u00f3n Vs. Estudiantes<br \/>\n15:00 hs. Trocha Vs. Costa Brava<br \/>\n17:00 hs. Comunicaciones Vs. Palometas<\/p>\n<p><em><strong>S\u00e1bado 6 de mayo, cancha El Front\u00f3n<\/strong><\/em><br \/>\n16:15 hs. El Front\u00f3n Vs. Ateneo<\/p>\n<p><em><strong>Domingo 7 de mayo, cancha Juventud<\/strong><\/em><br \/>\n16:00 hs. Juventud Vs. V\u00e9lez<\/p>\n<p><em><strong>Martes 9  de mayo, cancha Liga Mercedina<\/strong><\/em><br \/>\n20:30 hs. Mercedes Vs. Ateneo<\/p>\n<p><em><strong>Mi\u00e9rcoles 10 de mayo, cancha Liga Mercedina<\/strong><\/em><br \/>\n20:30 hs. Trocha Vs. A.M.E.F.I.P.<\/p>\n<blockquote><p><strong>RESERVA<\/strong><\/p><\/blockquote>\n<p><em><strong>S\u00e1bado 6 de mayo, cancha V\u00e9lez Sarsfield<\/strong><\/em><br \/>\n13:00 hs. Mercedes Vs. Pabell\u00f3n Argentino<br \/>\n15:00 hs. Uni\u00f3n Vs. A.M.E.F.I.P. -San Mart\u00edn<\/p>\n<p><em><strong>S\u00e1bado 6 de mayo, cancha Comunicaciones<\/strong><\/em><br \/>\n16:00 hs. Comunicaciones Vs. Palometas<\/p>\n<p><em><strong>S\u00e1bado 6 de mayo, cancha Ateneo<\/strong><\/em><br \/>\n16:15 hs. Defensores Jrs. Vs. Atl\u00e9tico Marcos Paz <\/p>\n<p><em><strong>Domingo 7 de mayo cancha V\u00e9lez<\/strong><\/em><br \/>\n12:30 hs. Trocha Vs. Costa Brava<br \/>\n15:30 hs. El Tim\u00f3n Vs. Estudiantes<\/p>\n<p><em><strong>S\u00e1bado 6 de mayo, cancha El Front\u00f3n<\/strong><\/em><br \/>\n18:15 hs. El Front\u00f3n Vs. Ateneo<\/p>\n<p><em><strong>Domingo 7 de mayo, cancha Juventud<\/strong><\/em><br \/>\n14:00 hs. Juventud Vs. V\u00e9lez<\/p>\n<blockquote><p><strong>INFANTIL<\/strong><\/p><\/blockquote>\n<p>El Front\u00f3n VS. V\u00e9lez, Mercedes VS. Mercedes \u201cA\u201d, Uni\u00f3n Vs. Juventud,  Quilmes Vs. Defensores<br \/>\nAteneo\tVs. Estudiantes,  Comunicaciones Vs. Palometas<br \/>\n13 hs. Categor\u00eda Promocional<br \/>\n14 hs. Categor\u00eda 2008<br \/>\n15 hs. Categor\u00eda 2007<br \/>\n16 hs. Categor\u00eda 2006<\/p>\n<blockquote><p><strong>JUVENIL<\/strong><\/p><\/blockquote>\n<p>Mercedes VS. Mercedes \u201cA\u201d, Uni\u00f3n Vs. Juventud,  Quilmes Vs. Defensores<br \/>\n11:00 hs. Categor\u00eda 2003<br \/>\n12:15 hs. Categor\u00eda 2004<br \/>\n13:30 hs. Categor\u00eda 2005<br \/>\n14:45 hs. Categor\u00eda 2002<br \/>\n16:00 hs. Categor\u00eda 5\u00aa<\/p>\n<p>El Front\u00f3n VS. V\u00e9lez<br \/>\n10:00 hs. Categor\u00eda 2003<br \/>\n11:15 hs. Categor\u00eda 2002<br \/>\n12:30 hs. Categor\u00eda 5a<br \/>\n14:00 hs. Categor\u00eda 2004<br \/>\n15:15 hs. Categor\u00eda 2005<\/p>\n<p>Ateneo\tVs. Estudiantes<br \/>\n10:45 hs. Categor\u00eda 2004<br \/>\n12:00 hs. Categor\u00eda 2005<br \/>\n13:15 hs. Categor\u00eda 2002<br \/>\n14:30 hs. Categor\u00eda 5\u00aa<\/p>\n<p>Lunes 8 de mayo<br \/>\n18:30 hs. Categor\u00eda 2003<\/p>\n<p>Comunicaciones Vs. Palometas<br \/>\n11:00 hs. Categor\u00eda 2003<br \/>\n12:15 hs. Categor\u00eda 2004<br \/>\n13:30 hs. Categor\u00eda 2005<br \/>\n14:45 hs. Categor\u00eda 2002<\/p>\n<p>Los Vascos VS. Pabell\u00f3n Argentino<br \/>\n11:00 hs. Categor\u00eda 2003<br \/>\n12:15 hs. Categor\u00eda 2004<br \/>\n13:30 hs. Categor\u00eda 2005<br \/>\n14:45 hs. Categor\u00eda 2002<\/p>\n","protected":false},"excerpt":{"rendered":"<p>PRIMERA DIVISION S\u00e1bado 6 de mayo, cancha Liga Mercedina 17:00 hs. Mercedes Vs. Pabell\u00f3n Argentino 19:00 hs. Defensores Jrs. Vs. Atl\u00e9tico Marcos Paz Domingo 7 de mayo, cancha Liga Mercedina 13:00 hs. El Tim\u00f3n Vs. Estudiantes 15:00 hs. Trocha Vs. Costa Brava 17:00 hs. Comunicaciones Vs. Palometas S\u00e1bado 6 de mayo, cancha El Front\u00f3n 16:15 hs. El Front\u00f3n Vs. Ateneo<\/p>\n","protected":false},"author":2,"featured_media":0,"comment_status":"open","ping_status":"open","sticky":false,"template":"","format":"standard","meta":{"footnotes":""},"categories":[4],"tags":[],"class_list":["post-18585","post","type-post","status-publish","format-standard","hentry","category-informaciongeneral"],"_links":{"self":[{"href":"https:\/\/ligamercedina.com\/web\/wp-json\/wp\/v2\/posts\/18585","targetHints":{"allow":["GET"]}}],"collection":[{"href":"https:\/\/ligamercedina.com\/web\/wp-json\/wp\/v2\/posts"}],"about":[{"href":"https:\/\/ligamercedina.com\/web\/wp-json\/wp\/v2\/types\/post"}],"author":[{"embeddable":true,"href":"https:\/\/ligamercedina.com\/web\/wp-json\/wp\/v2\/users\/2"}],"replies":[{"embeddable":true,"href":"https:\/\/ligamercedina.com\/web\/wp-json\/wp\/v2\/comments?post=18585"}],"version-history":[{"count":4,"href":"https:\/\/ligamercedina.com\/web\/wp-json\/wp\/v2\/posts\/18585\/revisions"}],"predecessor-version":[{"id":18610,"href":"https:\/\/ligamercedina.com\/web\/wp-json\/wp\/v2\/posts\/18585\/revisions\/18610"}],"wp:attachment":[{"href":"https:\/\/ligamercedina.com\/web\/wp-json\/wp\/v2\/media?parent=18585"}],"wp:term":[{"taxonomy":"category","embeddable":true,"href":"https:\/\/ligamercedina.com\/web\/wp-json\/wp\/v2\/categories?post=18585"},{"taxonomy":"post_tag","embeddable":true,"href":"https:\/\/ligamercedina.com\/web\/wp-json\/wp\/v2\/tags?post=18585"}],"curies":[{"name":"wp","href":"https:\/\/api.w.org\/{rel}","templated":true}]}}