{"id":1837,"date":"2009-08-09T20:20:57","date_gmt":"2009-08-09T23:20:57","guid":{"rendered":"https:\/\/ligamercedina.com\/?p=1837"},"modified":"2009-08-09T20:20:57","modified_gmt":"2009-08-09T23:20:57","slug":"resultados-de-primera-figuaron-junto-a-los-de-ayer","status":"publish","type":"post","link":"https:\/\/ligamercedina.com\/web\/resultados-de-primera-figuaron-junto-a-los-de-ayer\/","title":{"rendered":"IMAGENES DEL FIN DE SEMANA"},"content":{"rendered":"<p><a href=\"https:\/\/ligamercedina.com\/wp-content\/uploads\/2009\/08\/rscn2648.jpg\"><img loading=\"lazy\" decoding=\"async\" src=\"https:\/\/ligamercedina.com\/wp-content\/uploads\/2009\/08\/rscn2648.jpg\" alt=\"\" title=\"rscn2648\" width=\"480\" height=\"360\" class=\"aligncenter size-full wp-image-1851\" srcset=\"https:\/\/ligamercedina.com\/web\/wp-content\/uploads\/2009\/08\/rscn2648.jpg 480w, https:\/\/ligamercedina.com\/web\/wp-content\/uploads\/2009\/08\/rscn2648-300x225.jpg 300w, https:\/\/ligamercedina.com\/web\/wp-content\/uploads\/2009\/08\/rscn2648-400x300.jpg 400w\" sizes=\"auto, (max-width: 480px) 100vw, 480px\" \/><\/a> <em><strong>Palometas se qued\u00f3 con el cl\u00e1sico ante Club Mercedes.<br \/>\nSantiago Portesi, autor de un gol, busca la pelota.<\/strong><\/em><\/p>\n<p><a href=\"https:\/\/ligamercedina.com\/wp-content\/uploads\/2009\/08\/dscn2636.jpg\"><img loading=\"lazy\" decoding=\"async\" src=\"https:\/\/ligamercedina.com\/wp-content\/uploads\/2009\/08\/dscn2636.jpg\" alt=\"\" title=\"dscn2636\" width=\"480\" height=\"360\" class=\"aligncenter size-full wp-image-1849\" srcset=\"https:\/\/ligamercedina.com\/web\/wp-content\/uploads\/2009\/08\/dscn2636.jpg 480w, https:\/\/ligamercedina.com\/web\/wp-content\/uploads\/2009\/08\/dscn2636-300x225.jpg 300w, https:\/\/ligamercedina.com\/web\/wp-content\/uploads\/2009\/08\/dscn2636-400x300.jpg 400w\" sizes=\"auto, (max-width: 480px) 100vw, 480px\" \/><\/a> <em><strong>Diego Mart\u00ednez, jugador de la Primera Divisi\u00f3n de Comunicaciones<br \/>\nse lleva el bal\u00f3n<\/strong><\/em><\/p>\n<p><a href=\"https:\/\/ligamercedina.com\/wp-content\/uploads\/2009\/08\/dscn2622.jpg\"><img loading=\"lazy\" decoding=\"async\" src=\"https:\/\/ligamercedina.com\/wp-content\/uploads\/2009\/08\/dscn2622.jpg\" alt=\"\" title=\"dscn2622\" width=\"480\" height=\"360\" class=\"aligncenter size-full wp-image-1848\" srcset=\"https:\/\/ligamercedina.com\/web\/wp-content\/uploads\/2009\/08\/dscn2622.jpg 480w, https:\/\/ligamercedina.com\/web\/wp-content\/uploads\/2009\/08\/dscn2622-300x225.jpg 300w, https:\/\/ligamercedina.com\/web\/wp-content\/uploads\/2009\/08\/dscn2622-400x300.jpg 400w\" sizes=\"auto, (max-width: 480px) 100vw, 480px\" \/><\/a> <em><strong><br \/>\nEn Primera, Estudiantes le gan\u00f3 con lo justo a Ateneo<\/strong><\/em><\/p>\n<p><a href=\"https:\/\/ligamercedina.com\/wp-content\/uploads\/2009\/08\/dscn2615.jpg\"><img loading=\"lazy\" decoding=\"async\" src=\"https:\/\/ligamercedina.com\/wp-content\/uploads\/2009\/08\/dscn2615.jpg\" alt=\"\" title=\"dscn2615\" width=\"480\" height=\"360\" class=\"aligncenter size-full wp-image-1846\" srcset=\"https:\/\/ligamercedina.com\/web\/wp-content\/uploads\/2009\/08\/dscn2615.jpg 480w, https:\/\/ligamercedina.com\/web\/wp-content\/uploads\/2009\/08\/dscn2615-300x225.jpg 300w, https:\/\/ligamercedina.com\/web\/wp-content\/uploads\/2009\/08\/dscn2615-400x300.jpg 400w\" sizes=\"auto, (max-width: 480px) 100vw, 480px\" \/><\/a> <em><strong>Categor\u00eda 2000 de Mercedes \u00abA\u00bb<\/strong><\/em><\/p>\n<p><a href=\"https:\/\/ligamercedina.com\/wp-content\/uploads\/2009\/08\/dscn2614.jpg\"><img loading=\"lazy\" decoding=\"async\" src=\"https:\/\/ligamercedina.com\/wp-content\/uploads\/2009\/08\/dscn2614.jpg\" alt=\"\" title=\"dscn2614\" width=\"480\" height=\"360\" class=\"aligncenter size-full wp-image-1845\" srcset=\"https:\/\/ligamercedina.com\/web\/wp-content\/uploads\/2009\/08\/dscn2614.jpg 480w, https:\/\/ligamercedina.com\/web\/wp-content\/uploads\/2009\/08\/dscn2614-300x225.jpg 300w, https:\/\/ligamercedina.com\/web\/wp-content\/uploads\/2009\/08\/dscn2614-400x300.jpg 400w\" sizes=\"auto, (max-width: 480px) 100vw, 480px\" \/><\/a> <em><strong>Categor\u00eda 2000 de Ateneo<\/strong><\/em><\/p>\n<p><a href=\"https:\/\/ligamercedina.com\/wp-content\/uploads\/2009\/08\/dscn2613.jpg\"><img loading=\"lazy\" decoding=\"async\" src=\"https:\/\/ligamercedina.com\/wp-content\/uploads\/2009\/08\/dscn2613.jpg\" alt=\"\" title=\"dscn2613\" width=\"480\" height=\"360\" class=\"aligncenter size-full wp-image-1843\" srcset=\"https:\/\/ligamercedina.com\/web\/wp-content\/uploads\/2009\/08\/dscn2613.jpg 480w, https:\/\/ligamercedina.com\/web\/wp-content\/uploads\/2009\/08\/dscn2613-300x225.jpg 300w, https:\/\/ligamercedina.com\/web\/wp-content\/uploads\/2009\/08\/dscn2613-400x300.jpg 400w\" sizes=\"auto, (max-width: 480px) 100vw, 480px\" \/><\/a> <em><strong>Categor\u00eda 92 &#8211; 93 de Estudiantes<\/strong><\/em><\/p>\n<p><a href=\"https:\/\/ligamercedina.com\/wp-content\/uploads\/2009\/08\/dscn2612.jpg\"><img loading=\"lazy\" decoding=\"async\" src=\"https:\/\/ligamercedina.com\/wp-content\/uploads\/2009\/08\/dscn2612.jpg\" alt=\"\" title=\"dscn2612\" width=\"480\" height=\"360\" class=\"aligncenter size-full wp-image-1842\" srcset=\"https:\/\/ligamercedina.com\/web\/wp-content\/uploads\/2009\/08\/dscn2612.jpg 480w, https:\/\/ligamercedina.com\/web\/wp-content\/uploads\/2009\/08\/dscn2612-300x225.jpg 300w, https:\/\/ligamercedina.com\/web\/wp-content\/uploads\/2009\/08\/dscn2612-400x300.jpg 400w\" sizes=\"auto, (max-width: 480px) 100vw, 480px\" \/><\/a> <em><strong>Categor\u00eda 92 &#8211; 93 de El Front\u00f3n.<\/strong><\/em><\/p>\n<p><a href=\"https:\/\/ligamercedina.com\/wp-content\/uploads\/2009\/08\/dscn2611.jpg\"><img loading=\"lazy\" decoding=\"async\" src=\"https:\/\/ligamercedina.com\/wp-content\/uploads\/2009\/08\/dscn2611.jpg\" alt=\"\" title=\"dscn2611\" width=\"480\" height=\"360\" class=\"aligncenter size-full wp-image-1840\" srcset=\"https:\/\/ligamercedina.com\/web\/wp-content\/uploads\/2009\/08\/dscn2611.jpg 480w, https:\/\/ligamercedina.com\/web\/wp-content\/uploads\/2009\/08\/dscn2611-300x225.jpg 300w, https:\/\/ligamercedina.com\/web\/wp-content\/uploads\/2009\/08\/dscn2611-400x300.jpg 400w\" sizes=\"auto, (max-width: 480px) 100vw, 480px\" \/><\/a>. <em><strong>Goleadores de la Categor\u00eda 96 de El Front\u00f3n<br \/>\nen el partido ante Estudiantes.<\/strong><\/em><\/p>\n","protected":false},"excerpt":{"rendered":"<p>Palometas se qued\u00f3 con el cl\u00e1sico ante Club Mercedes. Santiago Portesi, autor de un gol, busca la pelota. Diego Mart\u00ednez, jugador de la Primera Divisi\u00f3n de Comunicaciones se lleva el bal\u00f3n En Primera, Estudiantes le gan\u00f3 con lo justo a Ateneo Categor\u00eda 2000 de Mercedes \u00abA\u00bb Categor\u00eda 2000 de Ateneo Categor\u00eda 92 &#8211; 93 de Estudiantes Categor\u00eda 92 &#8211; 93<\/p>\n","protected":false},"author":1,"featured_media":0,"comment_status":"open","ping_status":"open","sticky":false,"template":"","format":"standard","meta":{"footnotes":""},"categories":[4],"tags":[],"class_list":["post-1837","post","type-post","status-publish","format-standard","hentry","category-informaciongeneral"],"_links":{"self":[{"href":"https:\/\/ligamercedina.com\/web\/wp-json\/wp\/v2\/posts\/1837","targetHints":{"allow":["GET"]}}],"collection":[{"href":"https:\/\/ligamercedina.com\/web\/wp-json\/wp\/v2\/posts"}],"about":[{"href":"https:\/\/ligamercedina.com\/web\/wp-json\/wp\/v2\/types\/post"}],"author":[{"embeddable":true,"href":"https:\/\/ligamercedina.com\/web\/wp-json\/wp\/v2\/users\/1"}],"replies":[{"embeddable":true,"href":"https:\/\/ligamercedina.com\/web\/wp-json\/wp\/v2\/comments?post=1837"}],"version-history":[{"count":8,"href":"https:\/\/ligamercedina.com\/web\/wp-json\/wp\/v2\/posts\/1837\/revisions"}],"predecessor-version":[{"id":1857,"href":"https:\/\/ligamercedina.com\/web\/wp-json\/wp\/v2\/posts\/1837\/revisions\/1857"}],"wp:attachment":[{"href":"https:\/\/ligamercedina.com\/web\/wp-json\/wp\/v2\/media?parent=1837"}],"wp:term":[{"taxonomy":"category","embeddable":true,"href":"https:\/\/ligamercedina.com\/web\/wp-json\/wp\/v2\/categories?post=1837"},{"taxonomy":"post_tag","embeddable":true,"href":"https:\/\/ligamercedina.com\/web\/wp-json\/wp\/v2\/tags?post=1837"}],"curies":[{"name":"wp","href":"https:\/\/api.w.org\/{rel}","templated":true}]}}