{"id":18278,"date":"2017-03-23T18:53:20","date_gmt":"2017-03-23T21:53:20","guid":{"rendered":"https:\/\/ligamercedina.com\/web\/?p=18278"},"modified":"2017-03-23T18:58:29","modified_gmt":"2017-03-23T21:58:29","slug":"habilitaciones-por-secretaria-para-juventud","status":"publish","type":"post","link":"https:\/\/ligamercedina.com\/web\/habilitaciones-por-secretaria-para-juventud\/","title":{"rendered":"HABILITACIONES POR SECRETARIA PARA JUVENTUD"},"content":{"rendered":"<p>A trav\u00e9s de la presente se habilita a los siguientes jugadores de Juventud a actuar en cada partido de la FECHA 1 con el siguiente listado, acompa\u00f1ados por sus respectivos DNI<\/p>\n<p>DI POLVERE, Antonio (Categor\u00eda 2005)<br \/>\nHUNT, Brian Nicol\u00e1s (Categor\u00eda 2001)<br \/>\nTORRES, Axel Exequiel (Categor\u00eda 2000)<br \/>\nGOYENECHE, Clemente(Categor\u00eda 2002)<br \/>\nTUST, Ricardo Dami\u00e1n (Categor\u00eda 2002)<br \/>\nROLDAN, Ezequiel Fabi\u00e1n (Categor\u00eda 2002)<br \/>\nFRACCHIA, Lucio (Categor\u00eda 2002)<br \/>\nSUAREZ, Nicol\u00e1s Agust\u00edn (Categor\u00eda 2003)<br \/>\nTUST, Santiago Vicente (Categor\u00eda 2003)<br \/>\nLOZZA, Pablo Tom\u00e1s (Categor\u00eda 2003)<br \/>\nMARTINEZ, Mateo (Categor\u00eda 2003)<br \/>\nPLAZA, Enzo Ariel (Categor\u00eda 2003)<br \/>\nPERRUISET, Jos\u00e9 Mar\u00eda (Categor\u00eda 2003)<br \/>\nBURNES, Tob\u00edas (Categor\u00eda 2005)<br \/>\nSUAREZ, Tob\u00edas (Categor\u00eda 2005)<br \/>\nTELLO, Juan Blas (Categor\u00eda 2005)<br \/>\nGONZALEZ, Nahuel (Categor\u00eda 2005)<\/p>\n<p>Daniel Figueredo (Secretario) &#8211; Esteban Marcelo (Presidente)<\/p>\n","protected":false},"excerpt":{"rendered":"<p>A trav\u00e9s de la presente se habilita a los siguientes jugadores de Juventud a actuar en cada partido de la FECHA 1 con el siguiente listado, acompa\u00f1ados por sus respectivos DNI DI POLVERE, Antonio (Categor\u00eda 2005) HUNT, Brian Nicol\u00e1s (Categor\u00eda 2001) TORRES, Axel Exequiel (Categor\u00eda 2000) GOYENECHE, Clemente(Categor\u00eda 2002) TUST, Ricardo Dami\u00e1n (Categor\u00eda 2002) ROLDAN, Ezequiel Fabi\u00e1n (Categor\u00eda 2002) FRACCHIA,<\/p>\n","protected":false},"author":2,"featured_media":0,"comment_status":"open","ping_status":"open","sticky":false,"template":"","format":"standard","meta":{"footnotes":""},"categories":[4],"tags":[],"class_list":["post-18278","post","type-post","status-publish","format-standard","hentry","category-informaciongeneral"],"_links":{"self":[{"href":"https:\/\/ligamercedina.com\/web\/wp-json\/wp\/v2\/posts\/18278","targetHints":{"allow":["GET"]}}],"collection":[{"href":"https:\/\/ligamercedina.com\/web\/wp-json\/wp\/v2\/posts"}],"about":[{"href":"https:\/\/ligamercedina.com\/web\/wp-json\/wp\/v2\/types\/post"}],"author":[{"embeddable":true,"href":"https:\/\/ligamercedina.com\/web\/wp-json\/wp\/v2\/users\/2"}],"replies":[{"embeddable":true,"href":"https:\/\/ligamercedina.com\/web\/wp-json\/wp\/v2\/comments?post=18278"}],"version-history":[{"count":2,"href":"https:\/\/ligamercedina.com\/web\/wp-json\/wp\/v2\/posts\/18278\/revisions"}],"predecessor-version":[{"id":18280,"href":"https:\/\/ligamercedina.com\/web\/wp-json\/wp\/v2\/posts\/18278\/revisions\/18280"}],"wp:attachment":[{"href":"https:\/\/ligamercedina.com\/web\/wp-json\/wp\/v2\/media?parent=18278"}],"wp:term":[{"taxonomy":"category","embeddable":true,"href":"https:\/\/ligamercedina.com\/web\/wp-json\/wp\/v2\/categories?post=18278"},{"taxonomy":"post_tag","embeddable":true,"href":"https:\/\/ligamercedina.com\/web\/wp-json\/wp\/v2\/tags?post=18278"}],"curies":[{"name":"wp","href":"https:\/\/api.w.org\/{rel}","templated":true}]}}