{"id":18272,"date":"2017-03-22T23:41:30","date_gmt":"2017-03-23T02:41:30","guid":{"rendered":"https:\/\/ligamercedina.com\/web\/?p=18272"},"modified":"2017-03-22T23:44:15","modified_gmt":"2017-03-23T02:44:15","slug":"boletin","status":"publish","type":"post","link":"https:\/\/ligamercedina.com\/web\/boletin\/","title":{"rendered":"BOLETIN"},"content":{"rendered":"<p>En la ciudad de Mercedes (B), a los 22 d\u00edas del mes de marzo de 2017, se re\u00fane la Mesa Directiva de la instituci\u00f3n, en virtud de resolver acercar de las transferencias interligas solicitadas a las Ligas Platense de Futbol, de Escobar y de Lujan, a saber<\/p>\n<p><strong>Liga Platense de Futbol<\/strong>&#8212;&#8212;&#8212;&#8212;&#8212;-de Club&#8212;&#8212;&#8212;&#8212;&#8212;&#8212;-a<br \/>\nLLANOS Rodolfo&#8212;&#8212;&#8212;&#8212;&#8212;&#8212;&#8212;&#8212;&#8212;&#8212;&#8212;&#8212;&#8212;&#8212;EVERTON&#8212;&#8212;&#8212;&#8211;\tESTUDIANTES\t<\/p>\n<p><strong>Liga Escobarense de Futbol<\/strong>&#8212;&#8212;&#8212;&#8212;-de Club&#8212;&#8212;&#8212;&#8212;&#8212;&#8212;-a Club<\/p>\n<p>VILLANI Alejandro&#8212;&#8212;&#8212;&#8212;&#8212;&#8212;&#8212;&#8212;&#8212;&#8212;&#8212;&#8212;&#8211;LA CATEDRAL&#8212;&#8212;&#8212;&#8212;&#8211;DEFENSORES JR<br \/>\n<strong><\/p>\n<p>Liga Lujanense de Futbol<\/strong>&#8212;&#8212;&#8212;&#8212;&#8212;&#8212;&#8212;&#8211;de Club&#8212;&#8212;&#8212;&#8212;&#8212;&#8212;-a Club                  <\/p>\n<p>LOPEZ OLIVERA Pablo&#8212;&#8212;&#8212;&#8212;&#8212;&#8212;&#8212;&#8212;&#8212;&#8212;&#8212;&#8212;-DEF. CHACO&#8212;&#8212;&#8212;&#8212;AT. MARCOS PAZ JR\t<\/p>\n<p>CORREA Diego&#8212;&#8212;&#8212;&#8212;&#8212;&#8212;&#8212;&#8212;&#8212;&#8212;&#8212;&#8212;&#8212;-SyD LOS PINOS&#8212;&#8212;&#8212;&#8212;-AT. MARCOS PAZ JR\t<\/p>\n<p>VICTORIO VISCA Franco&#8212;&#8212;&#8212;&#8212;&#8212;&#8212;&#8212;&#8212;&#8212;&#8212;-SyD LOS PINOS&#8212;&#8212;&#8212;&#8212;-DEFENSORES JR\t<\/p>\n<p>CANTERO Bernardo&#8212;&#8212;&#8212;&#8212;&#8212;&#8212;&#8212;&#8212;&#8212;&#8212;&#8212;&#8212;SyD LOS PINOS&#8212;&#8212;&#8212;&#8212;-DEFENSORES JR\t<\/p>\n<p>PIACENZA Leandro&#8212;&#8212;&#8212;&#8212;&#8212;&#8212;&#8212;&#8212;&#8212;&#8212;&#8212;&#8212;SyD LOS PINOS&#8212;&#8212;&#8212;&#8212;-DEFENSORES JR\t<\/p>\n<p>FABRIZIO Maximiliano&#8212;&#8212;&#8212;&#8212;&#8212;&#8212;&#8212;&#8212;&#8212;&#8212;&#8211;SyD LOS PINOS&#8212;&#8212;&#8212;&#8212;-DEFENSORES JR\t<\/p>\n<p>GUERRERO Sergio&#8212;&#8212;&#8212;&#8212;&#8212;&#8212;&#8212;&#8212;&#8212;&#8212;&#8212;&#8212;-SyD LOS PINOS&#8212;&#8212;&#8212;&#8212;-DEFENSORES JR\t<\/p>\n<p>CARABAJAL Pablo&#8212;&#8212;&#8212;&#8212;&#8212;&#8212;&#8212;&#8212;&#8212;&#8212;&#8212;&#8212;-SyD LOS PINOS&#8212;&#8212;&#8212;&#8212;-DEFENSORES JR\t<\/p>\n<p>MARTINEZ German&#8212;&#8212;&#8212;&#8212;&#8212;&#8212;&#8212;&#8212;&#8212;&#8212;&#8212;&#8212;-DEF. CHACO&#8212;&#8212;&#8212;&#8212;&#8212;-DEFENSORES JR\t<\/p>\n<p>DIEZ Mart\u00edn&#8212;&#8212;&#8212;&#8212;&#8212;&#8212;&#8212;&#8212;&#8212;&#8212;&#8212;&#8212;&#8212;&#8211;DEF. CHACO&#8212;&#8212;&#8212;&#8212;&#8212;-DEFENSORES JR\t<\/p>\n<p>MERLO Braian&#8212;&#8212;&#8212;&#8212;&#8212;&#8212;&#8212;&#8212;&#8212;&#8212;&#8212;&#8212;&#8212;-CASTELAR&#8212;&#8212;&#8212;&#8212;&#8212;&#8212;DEFENSORES JR\t<\/p>\n<p>HAYANDJIAN Esteban&#8212;&#8212;&#8212;&#8212;&#8212;&#8212;&#8212;&#8212;&#8212;&#8212;&#8212;-SyD LOS PINOS&#8212;&#8212;&#8212;&#8212;-DEFENSORES JR\t<\/p>\n<p>FABRIZIO Jonathan&#8212;&#8212;&#8212;&#8212;&#8212;&#8212;&#8212;&#8212;&#8212;&#8212;&#8212;&#8211;SyD LOS PINOS&#8212;&#8212;&#8212;&#8212;-DEFENSORES JR\t<\/p>\n<p>VALIENTE Francisco&#8212;&#8212;&#8212;&#8212;&#8212;&#8212;&#8212;&#8212;&#8212;&#8212;&#8212;-SyD LOS PINOS&#8212;&#8212;&#8212;&#8212;-DEFENSORES JR\t<\/p>\n<p>Que el art. 1 del Reglamento de Transferencia Interligas refiere \u201cTRAMITE TELEGRAFICO O VIA FAX Sin perjuicio de que se cumpla en todas sus partes el tr\u00e1mite establecido en los art\u00edculos del presente Reglamento, cualquier Liga podr\u00e1 formular el pedido de una transferencia por v\u00eda telegr\u00e1fica o Fax y contestar por la misma v\u00eda; que como v\u00eda alternativa tanto la Gerencia de Jugadores de A.F.A., como otras Ligas aceptan que los pedidos e incluso concesiones de las mismas se practiquen mediante correo electr\u00f3nico (e-mail).<br \/>\nAsimismo establece \u201c En los casos de transferencias que no pueden ser denegadas (art. 20\u00b0) la Liga est\u00e1 obligada a verificar que la denegatoria de su afiliado \u2013si la hubiere- se ajuste a derecho reglamentario, dado que en caso contrario deber\u00e1 dar curso favorable a la misma.<br \/>\nPor su parte en el  Art. 17 Si no se respondiera o si la contestaci\u00f3n se depositara vencido el t\u00e9rmino establecido, la Liga que formul\u00f3 el pedido de transferencia habilitar\u00e1 al jugador a partir del quinto d\u00eda h\u00e1bil siguiente a aqu\u00e9l en que venci\u00f3 el plazo para que la Liga consultada depositara la respuesta.<br \/>\n Dentro de las cuarenta y ocho (48) horas comunicar\u00e1 esa decisi\u00f3n a la otra Liga, la que dentro de los treinta (30) d\u00edas (de la fecha de habilitaci\u00f3n del jugador), podr\u00e1 objetar la misma.-<br \/>\nEn el CAP\u00cdTULO IX \u2013 TRANSFERENCIAS QUE NO PUEDEN SER DENEGADAS<br \/>\nEstablece que no podr\u00e1n ser denegadas las transferencias que solicitaron los jugadores: que hubiese pertenecido a club cuya afiliaci\u00f3n fue cancelada por renuncia, desafiliaci\u00f3n o expulsi\u00f3n, con excepci\u00f3n de aquellos clubs que por razones de reordenamiento de jurisdicciones deportivas deben cambiar de Liga. Las solicitudes de transferencias ser\u00e1n contestadas directamente por la Liga de origen, quedando entendido que proceder\u00e1 as\u00ed en caso de clubs desafiliados o expulsados, una vez que \u00e9stos hayan consentido la medida o, en caso contrario, agotados sus recursos en la instancia local y ante el Consejo Federal, reclamando la revisi\u00f3n de aquella decisi\u00f3n.-<\/p>\n<p>\t\tEn base a lo expuesto se RESUELVE: HABILITAR a los jugadores que se indican en el presente conforme el art. 17 del Reglamento de Transferencia Interligas del CFFA. COMUNICAR lo resuelto a las ligas Platense de Futbol, Escobarense y Lujanense, a sus efectos.-<\/p>\n","protected":false},"excerpt":{"rendered":"<p>En la ciudad de Mercedes (B), a los 22 d\u00edas del mes de marzo de 2017, se re\u00fane la Mesa Directiva de la instituci\u00f3n, en virtud de resolver acercar de las transferencias interligas solicitadas a las Ligas Platense de Futbol, de Escobar y de Lujan, a saber Liga Platense de Futbol&#8212;&#8212;&#8212;&#8212;&#8212;-de Club&#8212;&#8212;&#8212;&#8212;&#8212;&#8212;-a LLANOS Rodolfo&#8212;&#8212;&#8212;&#8212;&#8212;&#8212;&#8212;&#8212;&#8212;&#8212;&#8212;&#8212;&#8212;&#8212;EVERTON&#8212;&#8212;&#8212;&#8211; ESTUDIANTES Liga Escobarense de Futbol&#8212;&#8212;&#8212;&#8212;-de Club&#8212;&#8212;&#8212;&#8212;&#8212;&#8212;-a<\/p>\n","protected":false},"author":2,"featured_media":0,"comment_status":"open","ping_status":"open","sticky":false,"template":"","format":"standard","meta":{"footnotes":""},"categories":[4],"tags":[],"class_list":["post-18272","post","type-post","status-publish","format-standard","hentry","category-informaciongeneral"],"_links":{"self":[{"href":"https:\/\/ligamercedina.com\/web\/wp-json\/wp\/v2\/posts\/18272","targetHints":{"allow":["GET"]}}],"collection":[{"href":"https:\/\/ligamercedina.com\/web\/wp-json\/wp\/v2\/posts"}],"about":[{"href":"https:\/\/ligamercedina.com\/web\/wp-json\/wp\/v2\/types\/post"}],"author":[{"embeddable":true,"href":"https:\/\/ligamercedina.com\/web\/wp-json\/wp\/v2\/users\/2"}],"replies":[{"embeddable":true,"href":"https:\/\/ligamercedina.com\/web\/wp-json\/wp\/v2\/comments?post=18272"}],"version-history":[{"count":3,"href":"https:\/\/ligamercedina.com\/web\/wp-json\/wp\/v2\/posts\/18272\/revisions"}],"predecessor-version":[{"id":18275,"href":"https:\/\/ligamercedina.com\/web\/wp-json\/wp\/v2\/posts\/18272\/revisions\/18275"}],"wp:attachment":[{"href":"https:\/\/ligamercedina.com\/web\/wp-json\/wp\/v2\/media?parent=18272"}],"wp:term":[{"taxonomy":"category","embeddable":true,"href":"https:\/\/ligamercedina.com\/web\/wp-json\/wp\/v2\/categories?post=18272"},{"taxonomy":"post_tag","embeddable":true,"href":"https:\/\/ligamercedina.com\/web\/wp-json\/wp\/v2\/tags?post=18272"}],"curies":[{"name":"wp","href":"https:\/\/api.w.org\/{rel}","templated":true}]}}