{"id":18248,"date":"2017-03-20T13:51:43","date_gmt":"2017-03-20T16:51:43","guid":{"rendered":"https:\/\/ligamercedina.com\/web\/?p=18248"},"modified":"2017-03-20T13:53:02","modified_gmt":"2017-03-20T16:53:02","slug":"futbol-femenino-martes-con-reunion","status":"publish","type":"post","link":"https:\/\/ligamercedina.com\/web\/futbol-femenino-martes-con-reunion\/","title":{"rendered":"FUTBOL FEMENINO: MARTES CON REUNION"},"content":{"rendered":"<blockquote><p><strong>La Mesa Directiva de la Liga confirma que este martes, desde las 18:30 horas se concretar\u00e1 la primera reuni\u00f3n con el fin de avanzar hacia la incorporaci\u00f3n del f\u00fatbol femenino.<br \/>\nAl encuentro est\u00e1n invitados los clubes que ya han anticipado su inter\u00e9s, y as\u00ed mismo a otras instituciones no afiliadas que tengan intenciones de conocer los detalles.<br \/>\nLa reuni\u00f3n se realizar\u00e1 en la sede ubicada en H\u00e9roes de Malvinas (ex Rep\u00fablica de Chile) y 64<\/strong><\/p><\/blockquote>\n","protected":false},"excerpt":{"rendered":"<p>La Mesa Directiva de la Liga confirma que este martes, desde las 18:30 horas se concretar\u00e1 la primera reuni\u00f3n con el fin de avanzar hacia la incorporaci\u00f3n del f\u00fatbol femenino. Al encuentro est\u00e1n invitados los clubes que ya han anticipado su inter\u00e9s, y as\u00ed mismo a otras instituciones no afiliadas que tengan intenciones de conocer los detalles. La reuni\u00f3n se<\/p>\n","protected":false},"author":2,"featured_media":0,"comment_status":"open","ping_status":"open","sticky":false,"template":"","format":"standard","meta":{"footnotes":""},"categories":[4],"tags":[],"class_list":["post-18248","post","type-post","status-publish","format-standard","hentry","category-informaciongeneral"],"_links":{"self":[{"href":"https:\/\/ligamercedina.com\/web\/wp-json\/wp\/v2\/posts\/18248","targetHints":{"allow":["GET"]}}],"collection":[{"href":"https:\/\/ligamercedina.com\/web\/wp-json\/wp\/v2\/posts"}],"about":[{"href":"https:\/\/ligamercedina.com\/web\/wp-json\/wp\/v2\/types\/post"}],"author":[{"embeddable":true,"href":"https:\/\/ligamercedina.com\/web\/wp-json\/wp\/v2\/users\/2"}],"replies":[{"embeddable":true,"href":"https:\/\/ligamercedina.com\/web\/wp-json\/wp\/v2\/comments?post=18248"}],"version-history":[{"count":2,"href":"https:\/\/ligamercedina.com\/web\/wp-json\/wp\/v2\/posts\/18248\/revisions"}],"predecessor-version":[{"id":18250,"href":"https:\/\/ligamercedina.com\/web\/wp-json\/wp\/v2\/posts\/18248\/revisions\/18250"}],"wp:attachment":[{"href":"https:\/\/ligamercedina.com\/web\/wp-json\/wp\/v2\/media?parent=18248"}],"wp:term":[{"taxonomy":"category","embeddable":true,"href":"https:\/\/ligamercedina.com\/web\/wp-json\/wp\/v2\/categories?post=18248"},{"taxonomy":"post_tag","embeddable":true,"href":"https:\/\/ligamercedina.com\/web\/wp-json\/wp\/v2\/tags?post=18248"}],"curies":[{"name":"wp","href":"https:\/\/api.w.org\/{rel}","templated":true}]}}