{"id":18147,"date":"2017-02-28T19:21:17","date_gmt":"2017-02-28T22:21:17","guid":{"rendered":"https:\/\/ligamercedina.com\/web\/?p=18147"},"modified":"2017-02-28T19:21:17","modified_gmt":"2017-02-28T22:21:17","slug":"primera-division-cambio-para-juventud-el-timon","status":"publish","type":"post","link":"https:\/\/ligamercedina.com\/web\/primera-division-cambio-para-juventud-el-timon\/","title":{"rendered":"PRIMERA DIVISION: CAMBIO PARA JUVENTUD &#8211; EL TIMON"},"content":{"rendered":"<blockquote><p><strong>Los partidos de Reserva y Primera entre Juventud de Suipacha y El Tim\u00f3n de J\u00e1uregui se jugar\u00e1n el d\u00eda s\u00e1bado y no el domingo.<\/strong><\/p><\/blockquote>\n","protected":false},"excerpt":{"rendered":"<p>Los partidos de Reserva y Primera entre Juventud de Suipacha y El Tim\u00f3n de J\u00e1uregui se jugar\u00e1n el d\u00eda s\u00e1bado y no el domingo.<\/p>\n","protected":false},"author":2,"featured_media":0,"comment_status":"open","ping_status":"open","sticky":false,"template":"","format":"standard","meta":{"footnotes":""},"categories":[4],"tags":[],"class_list":["post-18147","post","type-post","status-publish","format-standard","hentry","category-informaciongeneral"],"_links":{"self":[{"href":"https:\/\/ligamercedina.com\/web\/wp-json\/wp\/v2\/posts\/18147","targetHints":{"allow":["GET"]}}],"collection":[{"href":"https:\/\/ligamercedina.com\/web\/wp-json\/wp\/v2\/posts"}],"about":[{"href":"https:\/\/ligamercedina.com\/web\/wp-json\/wp\/v2\/types\/post"}],"author":[{"embeddable":true,"href":"https:\/\/ligamercedina.com\/web\/wp-json\/wp\/v2\/users\/2"}],"replies":[{"embeddable":true,"href":"https:\/\/ligamercedina.com\/web\/wp-json\/wp\/v2\/comments?post=18147"}],"version-history":[{"count":1,"href":"https:\/\/ligamercedina.com\/web\/wp-json\/wp\/v2\/posts\/18147\/revisions"}],"predecessor-version":[{"id":18148,"href":"https:\/\/ligamercedina.com\/web\/wp-json\/wp\/v2\/posts\/18147\/revisions\/18148"}],"wp:attachment":[{"href":"https:\/\/ligamercedina.com\/web\/wp-json\/wp\/v2\/media?parent=18147"}],"wp:term":[{"taxonomy":"category","embeddable":true,"href":"https:\/\/ligamercedina.com\/web\/wp-json\/wp\/v2\/categories?post=18147"},{"taxonomy":"post_tag","embeddable":true,"href":"https:\/\/ligamercedina.com\/web\/wp-json\/wp\/v2\/tags?post=18147"}],"curies":[{"name":"wp","href":"https:\/\/api.w.org\/{rel}","templated":true}]}}