{"id":18141,"date":"2017-02-26T23:55:04","date_gmt":"2017-02-27T02:55:04","guid":{"rendered":"https:\/\/ligamercedina.com\/web\/?p=18141"},"modified":"2017-02-28T19:20:21","modified_gmt":"2017-02-28T22:20:21","slug":"primera-division-horarios-para-el-arranque","status":"publish","type":"post","link":"https:\/\/ligamercedina.com\/web\/primera-division-horarios-para-el-arranque\/","title":{"rendered":"PRIMERA DIVISION: HORARIOS PARA EL ARRANQUE"},"content":{"rendered":"<p><em><strong>Viernes 3 de marzo, cancha Liga Mercedina<\/strong><\/em><br \/>\n19:30 hs. Palometas Vs. Ateneo<br \/>\n21:30 hs. Costa Brava Vs. V\u00e9lez<\/p>\n<p><em><strong>Domingo 5 de marzo, cancha Liga Mercedina<\/strong><\/em><br \/>\n16:00 hs. Estudiantes \u2013 Pabell\u00f3n Argentino<br \/>\n18:00 hs. Defensores Jrs. \u2013 Quilmes<\/p>\n<p><em><strong>S\u00e1bado 4 de marzo, cancha Juventud<\/strong><\/em><br \/>\n17:00 hs. Juventud Vs. El Tim\u00f3n<\/p>\n<p><em><strong>Domingo 5 de marzo, cancha San Marcos<\/strong><\/em><br \/>\n17:00 hs. Atl\u00e9tico Marcos Paz Vs. A.M.E.F.I.P. &#8211; Barrio San Mart\u00edn<\/p>\n<blockquote><p><strong>RESERVA<\/strong><\/p><\/blockquote>\n<p>La programaci\u00f3n se publicar\u00e1 este lunes<\/p>\n","protected":false},"excerpt":{"rendered":"<p>Viernes 3 de marzo, cancha Liga Mercedina 19:30 hs. Palometas Vs. Ateneo 21:30 hs. Costa Brava Vs. V\u00e9lez Domingo 5 de marzo, cancha Liga Mercedina 16:00 hs. Estudiantes \u2013 Pabell\u00f3n Argentino 18:00 hs. Defensores Jrs. \u2013 Quilmes S\u00e1bado 4 de marzo, cancha Juventud 17:00 hs. Juventud Vs. El Tim\u00f3n Domingo 5 de marzo, cancha San Marcos 17:00 hs. Atl\u00e9tico Marcos<\/p>\n","protected":false},"author":2,"featured_media":0,"comment_status":"open","ping_status":"open","sticky":false,"template":"","format":"standard","meta":{"footnotes":""},"categories":[4],"tags":[],"class_list":["post-18141","post","type-post","status-publish","format-standard","hentry","category-informaciongeneral"],"_links":{"self":[{"href":"https:\/\/ligamercedina.com\/web\/wp-json\/wp\/v2\/posts\/18141","targetHints":{"allow":["GET"]}}],"collection":[{"href":"https:\/\/ligamercedina.com\/web\/wp-json\/wp\/v2\/posts"}],"about":[{"href":"https:\/\/ligamercedina.com\/web\/wp-json\/wp\/v2\/types\/post"}],"author":[{"embeddable":true,"href":"https:\/\/ligamercedina.com\/web\/wp-json\/wp\/v2\/users\/2"}],"replies":[{"embeddable":true,"href":"https:\/\/ligamercedina.com\/web\/wp-json\/wp\/v2\/comments?post=18141"}],"version-history":[{"count":2,"href":"https:\/\/ligamercedina.com\/web\/wp-json\/wp\/v2\/posts\/18141\/revisions"}],"predecessor-version":[{"id":18146,"href":"https:\/\/ligamercedina.com\/web\/wp-json\/wp\/v2\/posts\/18141\/revisions\/18146"}],"wp:attachment":[{"href":"https:\/\/ligamercedina.com\/web\/wp-json\/wp\/v2\/media?parent=18141"}],"wp:term":[{"taxonomy":"category","embeddable":true,"href":"https:\/\/ligamercedina.com\/web\/wp-json\/wp\/v2\/categories?post=18141"},{"taxonomy":"post_tag","embeddable":true,"href":"https:\/\/ligamercedina.com\/web\/wp-json\/wp\/v2\/tags?post=18141"}],"curies":[{"name":"wp","href":"https:\/\/api.w.org\/{rel}","templated":true}]}}