{"id":18127,"date":"2017-02-24T21:23:12","date_gmt":"2017-02-25T00:23:12","guid":{"rendered":"https:\/\/ligamercedina.com\/web\/?p=18127"},"modified":"2017-02-24T21:23:12","modified_gmt":"2017-02-25T00:23:12","slug":"reunion-con-tecnicos-de-primera-y-reserva","status":"publish","type":"post","link":"https:\/\/ligamercedina.com\/web\/reunion-con-tecnicos-de-primera-y-reserva\/","title":{"rendered":"REUNION CON TECNICOS DE PRIMERA Y RESERVA"},"content":{"rendered":"<blockquote><p><strong>En la reuni\u00f3n de delegados realizada el \u00faltimo mi\u00e9rcoles, la comisi\u00f3n directiva comunic\u00f3 que el pr\u00f3ximo mi\u00e9rcoles 1 de marzo, desde las 20 horas se concretar\u00e1 una reuni\u00f3n de la Mesa Directiva de la Liga Mercedina con los directores t\u00e9cnicos de las divisiones Primera y Reserva.<\/p>\n<p>La idea es dar a comunicar detalles de la organizaci\u00f3n ycompetencia a iniciarse y a la vez responder distintas inquietudes que puedan existir.<\/p>\n<p>La reuni\u00f3n se concretar\u00e1 en la sede de la instituci\u00f3n, sita en H\u00e9roes de Malvinas &#8211; ex Rep\u00fablica de Chile &#8211; N\u00b0 591.<\/strong><\/p><\/blockquote>\n","protected":false},"excerpt":{"rendered":"<p>En la reuni\u00f3n de delegados realizada el \u00faltimo mi\u00e9rcoles, la comisi\u00f3n directiva comunic\u00f3 que el pr\u00f3ximo mi\u00e9rcoles 1 de marzo, desde las 20 horas se concretar\u00e1 una reuni\u00f3n de la Mesa Directiva de la Liga Mercedina con los directores t\u00e9cnicos de las divisiones Primera y Reserva. La idea es dar a comunicar detalles de la organizaci\u00f3n ycompetencia a iniciarse y<\/p>\n","protected":false},"author":2,"featured_media":0,"comment_status":"open","ping_status":"open","sticky":false,"template":"","format":"standard","meta":{"footnotes":""},"categories":[4],"tags":[],"class_list":["post-18127","post","type-post","status-publish","format-standard","hentry","category-informaciongeneral"],"_links":{"self":[{"href":"https:\/\/ligamercedina.com\/web\/wp-json\/wp\/v2\/posts\/18127","targetHints":{"allow":["GET"]}}],"collection":[{"href":"https:\/\/ligamercedina.com\/web\/wp-json\/wp\/v2\/posts"}],"about":[{"href":"https:\/\/ligamercedina.com\/web\/wp-json\/wp\/v2\/types\/post"}],"author":[{"embeddable":true,"href":"https:\/\/ligamercedina.com\/web\/wp-json\/wp\/v2\/users\/2"}],"replies":[{"embeddable":true,"href":"https:\/\/ligamercedina.com\/web\/wp-json\/wp\/v2\/comments?post=18127"}],"version-history":[{"count":1,"href":"https:\/\/ligamercedina.com\/web\/wp-json\/wp\/v2\/posts\/18127\/revisions"}],"predecessor-version":[{"id":18128,"href":"https:\/\/ligamercedina.com\/web\/wp-json\/wp\/v2\/posts\/18127\/revisions\/18128"}],"wp:attachment":[{"href":"https:\/\/ligamercedina.com\/web\/wp-json\/wp\/v2\/media?parent=18127"}],"wp:term":[{"taxonomy":"category","embeddable":true,"href":"https:\/\/ligamercedina.com\/web\/wp-json\/wp\/v2\/categories?post=18127"},{"taxonomy":"post_tag","embeddable":true,"href":"https:\/\/ligamercedina.com\/web\/wp-json\/wp\/v2\/tags?post=18127"}],"curies":[{"name":"wp","href":"https:\/\/api.w.org\/{rel}","templated":true}]}}